{"id":4857,"date":"2019-05-06T23:10:59","date_gmt":"2019-05-07T02:10:59","guid":{"rendered":"http:\/\/www.revistarescatados.com.ar\/web\/?p=4857"},"modified":"2019-05-06T23:10:59","modified_gmt":"2019-05-07T02:10:59","slug":"realizaran-el-primer-taller-de-orientacion-laboral-en-calchaqui","status":"publish","type":"post","link":"https:\/\/www.revistarescatados.com.ar\/web\/2019\/05\/06\/realizaran-el-primer-taller-de-orientacion-laboral-en-calchaqui\/","title":{"rendered":"Realizar\u00e1n el primer taller de orientaci\u00f3n laboral en Calchaqu\u00ed"},"content":{"rendered":"<p>&nbsp;<\/p>\n<p><span style=\"color: #0000ff;\"><strong>El mi\u00e9rcoles 8 y el viernes 10 de mayo, la Oficina de Empleo Municipal dictar\u00e1 el primer Taller de Orientaci\u00f3n Laboral, dirigido a mayores de 18 a\u00f1os que tengan su residencia en Calchaqu\u00ed.<\/strong><\/span><\/p>\n<p>Defin\u00ed tu perfil laboral, organiz\u00e1 la b\u00fasqueda de empleo y mejor\u00e1 tus condiciones de empleabilidad.<\/p>\n<p>M\u00e1s informaci\u00f3n<\/p>\n<p><img loading=\"lazy\" class=\"aligncenter size-full wp-image-4858\" src=\"http:\/\/www.revistarescatados.com.ar\/web\/wp-content\/uploads\/2019\/05\/taller.jpg\" alt=\"\" width=\"960\" height=\"960\" srcset=\"https:\/\/www.revistarescatados.com.ar\/web\/wp-content\/uploads\/2019\/05\/taller.jpg 960w, https:\/\/www.revistarescatados.com.ar\/web\/wp-content\/uploads\/2019\/05\/taller-150x150.jpg 150w, https:\/\/www.revistarescatados.com.ar\/web\/wp-content\/uploads\/2019\/05\/taller-300x300.jpg 300w, https:\/\/www.revistarescatados.com.ar\/web\/wp-content\/uploads\/2019\/05\/taller-768x768.jpg 768w, https:\/\/www.revistarescatados.com.ar\/web\/wp-content\/uploads\/2019\/05\/taller-160x160.jpg 160w, https:\/\/www.revistarescatados.com.ar\/web\/wp-content\/uploads\/2019\/05\/taller-320x320.jpg 320w\" sizes=\"(max-width: 960px) 100vw, 960px\" \/><\/p>\n","protected":false},"excerpt":{"rendered":"<p>&nbsp; El mi\u00e9rcoles 8 y el viernes 10 de mayo, la Oficina de Empleo Municipal dictar\u00e1 el primer Taller de Orientaci\u00f3n Laboral, dirigido a mayores de 18 a\u00f1os que tengan su residencia&#46;&#46;&#46;<\/p>\n","protected":false},"author":1,"featured_media":4858,"comment_status":"closed","ping_status":"open","sticky":false,"template":"","format":"standard","meta":[],"categories":[2,3,8],"tags":[],"_links":{"self":[{"href":"https:\/\/www.revistarescatados.com.ar\/web\/wp-json\/wp\/v2\/posts\/4857"}],"collection":[{"href":"https:\/\/www.revistarescatados.com.ar\/web\/wp-json\/wp\/v2\/posts"}],"about":[{"href":"https:\/\/www.revistarescatados.com.ar\/web\/wp-json\/wp\/v2\/types\/post"}],"author":[{"embeddable":true,"href":"https:\/\/www.revistarescatados.com.ar\/web\/wp-json\/wp\/v2\/users\/1"}],"replies":[{"embeddable":true,"href":"https:\/\/www.revistarescatados.com.ar\/web\/wp-json\/wp\/v2\/comments?post=4857"}],"version-history":[{"count":1,"href":"https:\/\/www.revistarescatados.com.ar\/web\/wp-json\/wp\/v2\/posts\/4857\/revisions"}],"predecessor-version":[{"id":4859,"href":"https:\/\/www.revistarescatados.com.ar\/web\/wp-json\/wp\/v2\/posts\/4857\/revisions\/4859"}],"wp:featuredmedia":[{"embeddable":true,"href":"https:\/\/www.revistarescatados.com.ar\/web\/wp-json\/wp\/v2\/media\/4858"}],"wp:attachment":[{"href":"https:\/\/www.revistarescatados.com.ar\/web\/wp-json\/wp\/v2\/media?parent=4857"}],"wp:term":[{"taxonomy":"category","embeddable":true,"href":"https:\/\/www.revistarescatados.com.ar\/web\/wp-json\/wp\/v2\/categories?post=4857"},{"taxonomy":"post_tag","embeddable":true,"href":"https:\/\/www.revistarescatados.com.ar\/web\/wp-json\/wp\/v2\/tags?post=4857"}],"curies":[{"name":"wp","href":"https:\/\/api.w.org\/{rel}","templated":true}]}}