{"id":495,"date":"2018-05-16T13:12:54","date_gmt":"2018-05-16T16:12:54","guid":{"rendered":"http:\/\/www.revistarescatados.com.ar\/web\/?p=495"},"modified":"2018-05-16T13:12:54","modified_gmt":"2018-05-16T16:12:54","slug":"chiqui-rojas-es-hora-de-una-constitucion-que-contemple-el-norte","status":"publish","type":"post","link":"https:\/\/www.revistarescatados.com.ar\/web\/2018\/05\/16\/chiqui-rojas-es-hora-de-una-constitucion-que-contemple-el-norte\/","title":{"rendered":"Chiqui Rojas: \u201cEs hora de una constituci\u00f3n que contemple el norte\u201d"},"content":{"rendered":"<p><img loading=\"lazy\" class=\"aligncenter size-full wp-image-496\" src=\"http:\/\/www.revistarescatados.com.ar\/web\/wp-content\/uploads\/2018\/05\/Sergio-Chiqui-Rojas.jpg\" alt=\"\" width=\"1280\" height=\"960\" srcset=\"https:\/\/www.revistarescatados.com.ar\/web\/wp-content\/uploads\/2018\/05\/Sergio-Chiqui-Rojas.jpg 1280w, https:\/\/www.revistarescatados.com.ar\/web\/wp-content\/uploads\/2018\/05\/Sergio-Chiqui-Rojas-300x225.jpg 300w, https:\/\/www.revistarescatados.com.ar\/web\/wp-content\/uploads\/2018\/05\/Sergio-Chiqui-Rojas-768x576.jpg 768w, https:\/\/www.revistarescatados.com.ar\/web\/wp-content\/uploads\/2018\/05\/Sergio-Chiqui-Rojas-1024x768.jpg 1024w\" sizes=\"(max-width: 1280px) 100vw, 1280px\" \/><\/p>\n<p><span style=\"color: #0000ff;\"><strong>El coordinador del Plan del Norte se refiri\u00f3 a la reforma impulsada por la gesti\u00f3n de Miguel Lifschitz y asegur\u00f3 que es el momento para otorgarle reconocimiento constitucional a la regi\u00f3n comprendida por el norte santafesino.<\/strong><\/span><\/p>\n<p>\u201cEl Plan del Norte existe gracias a la definici\u00f3n de este gobierno provincial que decidi\u00f3 mirar a esta porci\u00f3n del territorio, implementando pol\u00edticas p\u00fablicas y realizando obras claves para su transformaci\u00f3n social y econ\u00f3mica-productiva. Sin embargo, nuestra Constituci\u00f3n, sancionada en 1962, no habla de estos criterios de descentralizaci\u00f3n. Por eso, es hora de una Constituci\u00f3n que contemple el norte, que conceda reconocimiento a las regiones y sus respectivos entes de coordinaci\u00f3n. De esta manera, los pr\u00f3ximos gobiernos se ver\u00e1n obligados a mirar al norte y seguir apostando a su desarrollo\u201d, explic\u00f3 Rojas.<\/p>\n<p>El funcionario adhiri\u00f3 as\u00ed a las palabras de Lifschitz que, al abrir el 136\u00b0 per\u00edodo de sesiones ordinarias en la Legislatura provincial, el pasado 1\u00b0 de mayo, pregunt\u00f3 p\u00fablicamente: \u201csi el momento no es ahora \u00bfcu\u00e1ndo entonces?. Si los a\u00f1os electorales no son buenos y los no electorales tampoco \u00bfcu\u00e1ndo entonces?\u201d.<\/p>\n<p>El coordinador indic\u00f3 que en 56 a\u00f1os \u201cel mundo cambi\u00f3 demasiado, surgieron nuevos paradigmas y se avanz\u00f3 en la conquista de nuevos derechos y garant\u00edas que la Constituci\u00f3n no refleja. Por eso, necesitamos que \u00e9sta sea m\u00e1s igualitaria, m\u00e1s moderna, que hable de gobiernos transparentes y ambientalmente responsables. El proyecto ya fue presentado, los diputados y senadores pueden hacer cambios o agregados. Lo importante es que se genere el debate, porque nuestra provincia merece que estemos a la altura de las circunstancias, sin mezquindades pol\u00edticas, trabajando por el bien com\u00fan\u201d.<\/p>\n<p><span style=\"color: #0000ff;\"><strong>EJES DE LA REFORMA<\/strong><\/span><\/p>\n<p>Sergio Rojas se refiri\u00f3 a la unificaci\u00f3n de todos los mandatos electivos en cuatro a\u00f1os, con opci\u00f3n a una reelecci\u00f3n, siendo \u00e9ste uno de los ejes m\u00e1s discutidos: \u201ces cierto que el gobernador tendr\u00eda la posibilidad de dos mandatos consecutivos, pero aqu\u00ed hay que poner el foco en que tanto intendentes, presidentes comunales, concejales, como diputados y senadores s\u00f3lo podr\u00edan estar en el mismo cargo durante ocho a\u00f1os consecutivos. Creemos que es necesario ponerle l\u00edmites a las reelecciones indefinidas, eliminar esos privilegios, y contribuir a la democracia\u201d.<\/p>\n<p>La reforma incorpora, adem\u00e1s, derechos hoy ausentes en la Constituci\u00f3n que reconocen a las minor\u00edas, plantea el rol de un Estado activo y presente que garantice su cumplimiento, y habla de la paridad de g\u00e9nero en las listas con rango constitucional.<\/p>\n<p>\u201cEn Santa Fe, los jubilados tienen el 82 por ciento m\u00f3vil, pero nadie nos asegura que si viene otro gobierno no se quiera dar un giro al sistema jubilatorio y retornar a las AFJP. Otro caso es el de Aguas Santafesinas, que en alg\u00fan momento fue entregada en concesi\u00f3n en 1995 y no queremos que eso vuelva a suceder. Tenemos el Laboratorio Industrial Farmac\u00e9utico (LIF) que se basa en la producci\u00f3n p\u00fablica de medicamentos, pero quiz\u00e1s podr\u00eda ser privatizado en otra gesti\u00f3n. Estos puntos urgen ser incluidos en nuestra Constituci\u00f3n, no podemos permitir que nadie los modifique\u201d, defini\u00f3.<\/p>\n<p>Por \u00faltimo, el coordinador asever\u00f3 que \u201cen el proyecto de reforma intervinieron distintos grupos, organizaciones sociales, asociaciones, universidades, y se sintetizaron las propuestas del proceso \u2018Bases para la Reforma\u2019. Estamos convencidos que el momento es ahora para imaginar la Santa Fe del siglo XXI y plasmarlo en una Constituci\u00f3n como dijo nuestro gobernador\u201d.<\/p>\n","protected":false},"excerpt":{"rendered":"<p>El coordinador del Plan del Norte se refiri\u00f3 a la reforma impulsada por la gesti\u00f3n de Miguel Lifschitz y asegur\u00f3 que es el momento para otorgarle reconocimiento constitucional a la regi\u00f3n comprendida&#46;&#46;&#46;<\/p>\n","protected":false},"author":1,"featured_media":496,"comment_status":"closed","ping_status":"open","sticky":false,"template":"","format":"standard","meta":[],"categories":[3,13,14,8],"tags":[],"_links":{"self":[{"href":"https:\/\/www.revistarescatados.com.ar\/web\/wp-json\/wp\/v2\/posts\/495"}],"collection":[{"href":"https:\/\/www.revistarescatados.com.ar\/web\/wp-json\/wp\/v2\/posts"}],"about":[{"href":"https:\/\/www.revistarescatados.com.ar\/web\/wp-json\/wp\/v2\/types\/post"}],"author":[{"embeddable":true,"href":"https:\/\/www.revistarescatados.com.ar\/web\/wp-json\/wp\/v2\/users\/1"}],"replies":[{"embeddable":true,"href":"https:\/\/www.revistarescatados.com.ar\/web\/wp-json\/wp\/v2\/comments?post=495"}],"version-history":[{"count":1,"href":"https:\/\/www.revistarescatados.com.ar\/web\/wp-json\/wp\/v2\/posts\/495\/revisions"}],"predecessor-version":[{"id":497,"href":"https:\/\/www.revistarescatados.com.ar\/web\/wp-json\/wp\/v2\/posts\/495\/revisions\/497"}],"wp:featuredmedia":[{"embeddable":true,"href":"https:\/\/www.revistarescatados.com.ar\/web\/wp-json\/wp\/v2\/media\/496"}],"wp:attachment":[{"href":"https:\/\/www.revistarescatados.com.ar\/web\/wp-json\/wp\/v2\/media?parent=495"}],"wp:term":[{"taxonomy":"category","embeddable":true,"href":"https:\/\/www.revistarescatados.com.ar\/web\/wp-json\/wp\/v2\/categories?post=495"},{"taxonomy":"post_tag","embeddable":true,"href":"https:\/\/www.revistarescatados.com.ar\/web\/wp-json\/wp\/v2\/tags?post=495"}],"curies":[{"name":"wp","href":"https:\/\/api.w.org\/{rel}","templated":true}]}}