{"id":4965,"date":"2019-05-15T00:57:43","date_gmt":"2019-05-15T03:57:43","guid":{"rendered":"http:\/\/www.revistarescatados.com.ar\/web\/?p=4965"},"modified":"2019-05-15T00:57:43","modified_gmt":"2019-05-15T03:57:43","slug":"se-hizo-entrega-del-monitor-fetal-al-hospital-de-calchaqui","status":"publish","type":"post","link":"https:\/\/www.revistarescatados.com.ar\/web\/2019\/05\/15\/se-hizo-entrega-del-monitor-fetal-al-hospital-de-calchaqui\/","title":{"rendered":"Se hizo entrega del monitor fetal al hospital de Calchaqu\u00ed"},"content":{"rendered":"<p><img loading=\"lazy\" class=\"aligncenter size-full wp-image-4966\" src=\"http:\/\/www.revistarescatados.com.ar\/web\/wp-content\/uploads\/2019\/05\/monitor-fetal.jpg\" alt=\"\" width=\"960\" height=\"720\" srcset=\"https:\/\/www.revistarescatados.com.ar\/web\/wp-content\/uploads\/2019\/05\/monitor-fetal.jpg 960w, https:\/\/www.revistarescatados.com.ar\/web\/wp-content\/uploads\/2019\/05\/monitor-fetal-300x225.jpg 300w, https:\/\/www.revistarescatados.com.ar\/web\/wp-content\/uploads\/2019\/05\/monitor-fetal-768x576.jpg 768w\" sizes=\"(max-width: 960px) 100vw, 960px\" \/><\/p>\n<p><span style=\"color: #0000ff;\"><strong>El intendente Rub\u00e9n Cuello, junto al senador Osvaldo Sosa, en la noche del martes hizo entrega del Monitor Fetal adquirido con la recaudaci\u00f3n de la segunda marat\u00f3n solidaria.\u00a0Gracias a ese estudio, se puede escuchar el latido del coraz\u00f3n del beb\u00e9 y conocer su estado de salud.<\/strong><\/span><\/p>\n<p>Es una gran noticia para la ciudad, en especial para las madres o futuras madres, que podr\u00e1n contar con un mejor servicio de salud sin tener que viajar a otra localidad.<\/p>\n<p>\u201cEstas acciones tambi\u00e9n contribuyen al arraigo, porque si se brinda salud, educaci\u00f3n y trabajo, hay muchas posibilidades que las familias se queden en el lugar de origen, que a lo que tenemos que proyectar. Felicitaciones a la ciudad de Calchaqu\u00ed, por este logro que es un logro colectivo\u201d, valor\u00f3 el legislador verense.<\/p>\n<p><img loading=\"lazy\" class=\"aligncenter size-full wp-image-4967\" src=\"http:\/\/www.revistarescatados.com.ar\/web\/wp-content\/uploads\/2019\/05\/monitor-fetal1.jpg\" alt=\"\" width=\"960\" height=\"720\" srcset=\"https:\/\/www.revistarescatados.com.ar\/web\/wp-content\/uploads\/2019\/05\/monitor-fetal1.jpg 960w, https:\/\/www.revistarescatados.com.ar\/web\/wp-content\/uploads\/2019\/05\/monitor-fetal1-300x225.jpg 300w, https:\/\/www.revistarescatados.com.ar\/web\/wp-content\/uploads\/2019\/05\/monitor-fetal1-768x576.jpg 768w\" sizes=\"(max-width: 960px) 100vw, 960px\" \/><\/p>\n<p>El monitoreo fetal es un estudio previo al parto, que permite saber c\u00f3mo se encuentra el beb\u00e9 dentro de la panza. Gracias a ese estudio, se puede escuchar el latido del coraz\u00f3n del beb\u00e9 y conocer su estado de salud.<\/p>\n<p><strong>Actualmente, hay unas 80 embarazadas en control perinatal que se atienden en el nosocomio local<\/strong>. En la semana 40 en caso de un embarazo de bajo riesgo, deben trasladarse \u2013 previo turno programado \u2013 a otros efectores de la regi\u00f3n para realizarse este estudio.<\/p>\n<p>&nbsp;<\/p>\n","protected":false},"excerpt":{"rendered":"<p>El intendente Rub\u00e9n Cuello, junto al senador Osvaldo Sosa, en la noche del martes hizo entrega del Monitor Fetal adquirido con la recaudaci\u00f3n de la segunda marat\u00f3n solidaria.\u00a0Gracias a ese estudio, se&#46;&#46;&#46;<\/p>\n","protected":false},"author":1,"featured_media":4966,"comment_status":"closed","ping_status":"open","sticky":false,"template":"","format":"standard","meta":[],"categories":[2,3,16,9],"tags":[],"_links":{"self":[{"href":"https:\/\/www.revistarescatados.com.ar\/web\/wp-json\/wp\/v2\/posts\/4965"}],"collection":[{"href":"https:\/\/www.revistarescatados.com.ar\/web\/wp-json\/wp\/v2\/posts"}],"about":[{"href":"https:\/\/www.revistarescatados.com.ar\/web\/wp-json\/wp\/v2\/types\/post"}],"author":[{"embeddable":true,"href":"https:\/\/www.revistarescatados.com.ar\/web\/wp-json\/wp\/v2\/users\/1"}],"replies":[{"embeddable":true,"href":"https:\/\/www.revistarescatados.com.ar\/web\/wp-json\/wp\/v2\/comments?post=4965"}],"version-history":[{"count":1,"href":"https:\/\/www.revistarescatados.com.ar\/web\/wp-json\/wp\/v2\/posts\/4965\/revisions"}],"predecessor-version":[{"id":4968,"href":"https:\/\/www.revistarescatados.com.ar\/web\/wp-json\/wp\/v2\/posts\/4965\/revisions\/4968"}],"wp:featuredmedia":[{"embeddable":true,"href":"https:\/\/www.revistarescatados.com.ar\/web\/wp-json\/wp\/v2\/media\/4966"}],"wp:attachment":[{"href":"https:\/\/www.revistarescatados.com.ar\/web\/wp-json\/wp\/v2\/media?parent=4965"}],"wp:term":[{"taxonomy":"category","embeddable":true,"href":"https:\/\/www.revistarescatados.com.ar\/web\/wp-json\/wp\/v2\/categories?post=4965"},{"taxonomy":"post_tag","embeddable":true,"href":"https:\/\/www.revistarescatados.com.ar\/web\/wp-json\/wp\/v2\/tags?post=4965"}],"curies":[{"name":"wp","href":"https:\/\/api.w.org\/{rel}","templated":true}]}}