{"id":5003,"date":"2019-05-18T00:57:21","date_gmt":"2019-05-18T03:57:21","guid":{"rendered":"http:\/\/www.revistarescatados.com.ar\/web\/?p=5003"},"modified":"2019-05-18T00:57:21","modified_gmt":"2019-05-18T03:57:21","slug":"margarita-se-prepara-para-la-14a-fiesta-provincial-del-locro","status":"publish","type":"post","link":"https:\/\/www.revistarescatados.com.ar\/web\/2019\/05\/18\/margarita-se-prepara-para-la-14a-fiesta-provincial-del-locro\/","title":{"rendered":"Margarita se prepara para la 14\u00aa Fiesta Provincial del Locro"},"content":{"rendered":"<p><img loading=\"lazy\" class=\"aligncenter size-full wp-image-5004\" src=\"http:\/\/www.revistarescatados.com.ar\/web\/wp-content\/uploads\/2019\/05\/Fiesta-del-locro-1.jpg\" alt=\"\" width=\"500\" height=\"375\" srcset=\"https:\/\/www.revistarescatados.com.ar\/web\/wp-content\/uploads\/2019\/05\/Fiesta-del-locro-1.jpg 500w, https:\/\/www.revistarescatados.com.ar\/web\/wp-content\/uploads\/2019\/05\/Fiesta-del-locro-1-300x225.jpg 300w\" sizes=\"(max-width: 500px) 100vw, 500px\" \/><br \/>\n<span style=\"color: #0000ff;\"><strong>La Comuna de Margarita ya confirm\u00f3 los grupos que actuar\u00e1n en la 14\u00b0 Fiesta Provincial del Locro, a realizarse los d\u00edas 08 y 09 de Junio en Margarita en el playon del Ex-ferrocarril local. <\/strong><\/span><\/p>\n<p>La edici\u00f3n comenzar\u00e1 el d\u00eda s\u00e1bado 08 a partir de las 14:00 horas con pe\u00f1as folcl\u00f3ricas y paseos de los artesanos.<\/p>\n<p>Continuar\u00e1 el domingo 09 con la degustaci\u00f3n del t\u00edpico almuerzo que representa la fiesta, mientras tantos en el escenario principal contar\u00e1 con la actuaci\u00f3n de grupos locales, actuar\u00e1n Los Fuelles Correntinos, Voces de Intiyaco y la cierre estar\u00e1 a cargo del Grupo de Cumbia La Contra.-<\/p>\n","protected":false},"excerpt":{"rendered":"<p>La Comuna de Margarita ya confirm\u00f3 los grupos que actuar\u00e1n en la 14\u00b0 Fiesta Provincial del Locro, a realizarse los d\u00edas 08 y 09 de Junio en Margarita en el playon del&#46;&#46;&#46;<\/p>\n","protected":false},"author":1,"featured_media":5004,"comment_status":"closed","ping_status":"open","sticky":false,"template":"","format":"standard","meta":[],"categories":[7,3,8],"tags":[],"_links":{"self":[{"href":"https:\/\/www.revistarescatados.com.ar\/web\/wp-json\/wp\/v2\/posts\/5003"}],"collection":[{"href":"https:\/\/www.revistarescatados.com.ar\/web\/wp-json\/wp\/v2\/posts"}],"about":[{"href":"https:\/\/www.revistarescatados.com.ar\/web\/wp-json\/wp\/v2\/types\/post"}],"author":[{"embeddable":true,"href":"https:\/\/www.revistarescatados.com.ar\/web\/wp-json\/wp\/v2\/users\/1"}],"replies":[{"embeddable":true,"href":"https:\/\/www.revistarescatados.com.ar\/web\/wp-json\/wp\/v2\/comments?post=5003"}],"version-history":[{"count":1,"href":"https:\/\/www.revistarescatados.com.ar\/web\/wp-json\/wp\/v2\/posts\/5003\/revisions"}],"predecessor-version":[{"id":5005,"href":"https:\/\/www.revistarescatados.com.ar\/web\/wp-json\/wp\/v2\/posts\/5003\/revisions\/5005"}],"wp:featuredmedia":[{"embeddable":true,"href":"https:\/\/www.revistarescatados.com.ar\/web\/wp-json\/wp\/v2\/media\/5004"}],"wp:attachment":[{"href":"https:\/\/www.revistarescatados.com.ar\/web\/wp-json\/wp\/v2\/media?parent=5003"}],"wp:term":[{"taxonomy":"category","embeddable":true,"href":"https:\/\/www.revistarescatados.com.ar\/web\/wp-json\/wp\/v2\/categories?post=5003"},{"taxonomy":"post_tag","embeddable":true,"href":"https:\/\/www.revistarescatados.com.ar\/web\/wp-json\/wp\/v2\/tags?post=5003"}],"curies":[{"name":"wp","href":"https:\/\/api.w.org\/{rel}","templated":true}]}}