{"id":5012,"date":"2019-05-18T01:18:55","date_gmt":"2019-05-18T04:18:55","guid":{"rendered":"http:\/\/www.revistarescatados.com.ar\/web\/?p=5012"},"modified":"2019-05-18T01:18:55","modified_gmt":"2019-05-18T04:18:55","slug":"alejandra-rodenas-visito-calchaqui","status":"publish","type":"post","link":"https:\/\/www.revistarescatados.com.ar\/web\/2019\/05\/18\/alejandra-rodenas-visito-calchaqui\/","title":{"rendered":"Alejandra Rodenas visit\u00f3 Calchaqu\u00ed"},"content":{"rendered":"<p><img loading=\"lazy\" class=\"aligncenter size-full wp-image-5013\" src=\"http:\/\/www.revistarescatados.com.ar\/web\/wp-content\/uploads\/2019\/05\/Rodenas.jpg\" alt=\"\" width=\"960\" height=\"639\" srcset=\"https:\/\/www.revistarescatados.com.ar\/web\/wp-content\/uploads\/2019\/05\/Rodenas.jpg 960w, https:\/\/www.revistarescatados.com.ar\/web\/wp-content\/uploads\/2019\/05\/Rodenas-300x200.jpg 300w, https:\/\/www.revistarescatados.com.ar\/web\/wp-content\/uploads\/2019\/05\/Rodenas-768x511.jpg 768w\" sizes=\"(max-width: 960px) 100vw, 960px\" \/><\/p>\n<p><span style=\"color: #0000ff;\"><strong>La candidata a vicegobernadora del Frente Juntos &#8211; acompa\u00f1ando a Omar Perotti &#8211; visit\u00f3 nuestra ciudad. Se reuni\u00f3 con el intendente, Rub\u00e9n Cuello, el Senador Osvaldo Sosa, la candidata a concejal, Carla Diez, y el candidato a senador suplente, Adri\u00e1n Spreggero.<\/strong><\/span><\/p>\n<p>&#8220;Estamos convencidos de que junto a Alejandra Rodenas como vicegobernadora y a Omar Perotti como gobernador, vamos a tener una provincia mucho m\u00e1s segura, que vamos a generar muchas m\u00e1s oportunidades porque vamos a cuidar fuertemente a la producci\u00f3n y al empleo&#8221;, asegur\u00f3 el intendente.<\/p>\n<p>&#8220;Sabemos que las posibilidades de gobernar la provincia de Santa Fe son bastantes reales y con ese objetivo estamos buscando que el departamento Vera est\u00e9 en esa sinton\u00eda, municipio, concejo,comuna, senador y gobernador. Que nos permita esa comunicaci\u00f3n directa en todos los niveles del estado, y as\u00ed poder resolver los problemas de nuestros habitantes de manera mas r\u00e1pida y eficaz&#8221;, destac\u00f3 el senador Osvaldo Sosa.<\/p>\n","protected":false},"excerpt":{"rendered":"<p>La candidata a vicegobernadora del Frente Juntos &#8211; acompa\u00f1ando a Omar Perotti &#8211; visit\u00f3 nuestra ciudad. Se reuni\u00f3 con el intendente, Rub\u00e9n Cuello, el Senador Osvaldo Sosa, la candidata a concejal, Carla&#46;&#46;&#46;<\/p>\n","protected":false},"author":1,"featured_media":5013,"comment_status":"closed","ping_status":"open","sticky":false,"template":"","format":"standard","meta":[],"categories":[2,3,13],"tags":[],"_links":{"self":[{"href":"https:\/\/www.revistarescatados.com.ar\/web\/wp-json\/wp\/v2\/posts\/5012"}],"collection":[{"href":"https:\/\/www.revistarescatados.com.ar\/web\/wp-json\/wp\/v2\/posts"}],"about":[{"href":"https:\/\/www.revistarescatados.com.ar\/web\/wp-json\/wp\/v2\/types\/post"}],"author":[{"embeddable":true,"href":"https:\/\/www.revistarescatados.com.ar\/web\/wp-json\/wp\/v2\/users\/1"}],"replies":[{"embeddable":true,"href":"https:\/\/www.revistarescatados.com.ar\/web\/wp-json\/wp\/v2\/comments?post=5012"}],"version-history":[{"count":1,"href":"https:\/\/www.revistarescatados.com.ar\/web\/wp-json\/wp\/v2\/posts\/5012\/revisions"}],"predecessor-version":[{"id":5014,"href":"https:\/\/www.revistarescatados.com.ar\/web\/wp-json\/wp\/v2\/posts\/5012\/revisions\/5014"}],"wp:featuredmedia":[{"embeddable":true,"href":"https:\/\/www.revistarescatados.com.ar\/web\/wp-json\/wp\/v2\/media\/5013"}],"wp:attachment":[{"href":"https:\/\/www.revistarescatados.com.ar\/web\/wp-json\/wp\/v2\/media?parent=5012"}],"wp:term":[{"taxonomy":"category","embeddable":true,"href":"https:\/\/www.revistarescatados.com.ar\/web\/wp-json\/wp\/v2\/categories?post=5012"},{"taxonomy":"post_tag","embeddable":true,"href":"https:\/\/www.revistarescatados.com.ar\/web\/wp-json\/wp\/v2\/tags?post=5012"}],"curies":[{"name":"wp","href":"https:\/\/api.w.org\/{rel}","templated":true}]}}