{"id":5018,"date":"2019-05-20T22:07:13","date_gmt":"2019-05-21T01:07:13","guid":{"rendered":"http:\/\/www.revistarescatados.com.ar\/web\/?p=5018"},"modified":"2019-05-20T22:07:13","modified_gmt":"2019-05-21T01:07:13","slug":"el-hockey-femenino-de-calchaqui-nuevamente-representara-a-la-provincia-en-el-juego-de-las-3-regiones","status":"publish","type":"post","link":"https:\/\/www.revistarescatados.com.ar\/web\/2019\/05\/20\/el-hockey-femenino-de-calchaqui-nuevamente-representara-a-la-provincia-en-el-juego-de-las-3-regiones\/","title":{"rendered":"El Hockey femenino de Calchaqu\u00ed, nuevamente representar\u00e1 a la provincia en el &#8220;Juego de las 3 Regiones&#8221;"},"content":{"rendered":"<p><img loading=\"lazy\" class=\"aligncenter size-full wp-image-5019\" src=\"http:\/\/www.revistarescatados.com.ar\/web\/wp-content\/uploads\/2019\/05\/Juego-de-las-3-Regiones-Clasificaci\u00f3n.jpg\" alt=\"\" width=\"1280\" height=\"853\" srcset=\"https:\/\/www.revistarescatados.com.ar\/web\/wp-content\/uploads\/2019\/05\/Juego-de-las-3-Regiones-Clasificaci\u00f3n.jpg 1280w, https:\/\/www.revistarescatados.com.ar\/web\/wp-content\/uploads\/2019\/05\/Juego-de-las-3-Regiones-Clasificaci\u00f3n-300x200.jpg 300w, https:\/\/www.revistarescatados.com.ar\/web\/wp-content\/uploads\/2019\/05\/Juego-de-las-3-Regiones-Clasificaci\u00f3n-768x512.jpg 768w, https:\/\/www.revistarescatados.com.ar\/web\/wp-content\/uploads\/2019\/05\/Juego-de-las-3-Regiones-Clasificaci\u00f3n-1024x682.jpg 1024w\" sizes=\"(max-width: 1280px) 100vw, 1280px\" \/><\/p>\n<p><span style=\"color: #0000ff;\"><strong>M\u00e1s de 350 j\u00f3venes de los departamentos Vera, General Obligado y 9 de Julio compitieron en v\u00f3ley, hockey, b\u00e1squet y f\u00fatbol en la ciudad de Vera, el pasado s\u00e1bado 18. El equipo santafesino se enfrentar\u00e1 a Chaco y Santiago del Estero, del 5 al 7 de julio en Quimil\u00ed.<\/strong><\/span><\/p>\n<p>\u201cEs una alegr\u00eda ser parte de esta fiesta, y poder estar en Vera. Muchos viajaron varios kil\u00f3metros para poder encontrarse y disfrutar de este Juego de las 3 Regiones, el cual naci\u00f3 a partir de una propuesta del Plan del Norte: cuando nos sent\u00e1bamos con las instituciones deportivas, y pod\u00edamos ver qu\u00e9 cosas hacer para sumar a las obras p\u00fablicas que se estaban construyendo en el norte de Santa Fe, a los programas de trabajo, educaci\u00f3n, cultura, etc., ve\u00edamos que el deporte es una herramienta fuerte de inclusi\u00f3n\u201d, comenz\u00f3 diciendo Sergio Rojas.<\/p>\n<p>El coordinador del Plan del Norte prosigui\u00f3 argumentando que \u201cSanta Fe Juega es la forma m\u00e1s concreta de eso, porque todos los a\u00f1os participan miles de chicos y chicas en la provincia, y en este 2019 lo har\u00e1n m\u00e1s de 20 mil de nuestra regi\u00f3n. Eso demuestra la importancia que el deporte tiene para el gobierno provincial y, en ese marco, el Juego de las 3 Regiones viene a complementarse\u201d.<\/p>\n<p>\u201cEntend\u00edamos que estaba buena la integraci\u00f3n que hac\u00edamos de los 3 departamentos del norte, y que j\u00f3venes de esos lugares se acerquen, participen, jueguen en conjunto, y disfruten tanto de la instancia clasificatoria como de la final, que este a\u00f1o ser\u00e1 en Quimil\u00ed\u201d, asever\u00f3.<\/p>\n<p>Por su parte, el referente deportivo de la Regi\u00f3n 1 sostuvo que \u201ctodos estamos muy contentos de estar en la tercera edici\u00f3n de estos juegos que empezamos como provincia, siendo locales y participando junto a las provincias vecinas de Chaco y Santiago del Estero. Lo hicimos en 2017 en Reconquista y Avellaneda; el a\u00f1o pasado efectuamos la etapa clasificatoria en Calchaqu\u00ed y ahora en Vera\u201d.<\/p>\n<p>Carlos \u00c1lvarez agradeci\u00f3 \u201ca los intendentes y grupos de trabajo de las secretar\u00edas de deportes de las ciudades, as\u00ed como a los presidentes de los clubes donde jugamos la clasificaci\u00f3n\u201d y tambi\u00e9n a \u201clos profesores que son los que trabajan durante todo el a\u00f1o para que los chicos puedan desarrollar la actividad deportiva, y al grupo de trabajo de Santa Fe Juega que hace posible que esta organizaci\u00f3n suceda\u201d.<\/p>\n<p>Adem\u00e1s, el intendente de Vera, Reynaldo Fabbroni, asegur\u00f3 que \u201cpara nosotros es un gran honor que esta competencia se lleve a cabo en nuestra ciudad, de donde saldr\u00e1n los equipos para representar a Santa Fe. Sin dudas que esto es una gran idea que ha surgido del gobierno provincial, de poder organizar este tipo de competencias entre las 3 provincias. Muchas veces no tenemos la posibilidad de participar en este tipo de competencias, por las distancias lagas o pocos habitantes, pero hoy s\u00ed se puede. El ganar o perder es una circunstancia, lo importante es jugar, conocer gente, hacer amigos y disfrutar del deporte\u201d.<\/p>\n<p><span style=\"color: #0000ff;\"><strong>EL CERTAMEN<\/strong><\/span><\/p>\n<p>El Juego de las 3 Regiones se disput\u00f3 en su primera edici\u00f3n en 2017, en las ciudades de Avellaneda y Reconquista; en 2018 en Charata, ciudad de Chaco y en 2019 se llevar\u00e1 cabo del 5 al 7 de julio en Quimil\u00ed, Santiago del Estero.<\/p>\n<p>La etapa clasificatoria para definir el equipo que representar\u00e1 a Santa Fe se realiz\u00f3 el pasado s\u00e1bado 18 en diferentes sedes de la ciudad de Vera como el Polideportivo, el Club Ferrocarril, el Club Gimnasia y el C\u00edrculo Recreativo, arrojando los siguientes resultados como ganadores:<\/p>\n<p>&lt;&lt; F\u00fatbol masculino sub 15: Las Toscas<\/p>\n<p>&lt;&lt; V\u00f3ley femenino sub 15: Florencia<\/p>\n<p>&lt;&lt; V\u00f3ley masculino sub 15: Villa Ocampo<\/p>\n<p>&lt;&lt; Hockey femenino sub16: Calchaqu\u00ed<\/p>\n<p>&lt;&lt; B\u00e1squet 3\u00d73 masculino sub 14: Vera<\/p>\n","protected":false},"excerpt":{"rendered":"<p>M\u00e1s de 350 j\u00f3venes de los departamentos Vera, General Obligado y 9 de Julio compitieron en v\u00f3ley, hockey, b\u00e1squet y f\u00fatbol en la ciudad de Vera, el pasado s\u00e1bado 18. El equipo&#46;&#46;&#46;<\/p>\n","protected":false},"author":1,"featured_media":5019,"comment_status":"closed","ping_status":"open","sticky":false,"template":"","format":"standard","meta":[],"categories":[2,3,17,16],"tags":[],"_links":{"self":[{"href":"https:\/\/www.revistarescatados.com.ar\/web\/wp-json\/wp\/v2\/posts\/5018"}],"collection":[{"href":"https:\/\/www.revistarescatados.com.ar\/web\/wp-json\/wp\/v2\/posts"}],"about":[{"href":"https:\/\/www.revistarescatados.com.ar\/web\/wp-json\/wp\/v2\/types\/post"}],"author":[{"embeddable":true,"href":"https:\/\/www.revistarescatados.com.ar\/web\/wp-json\/wp\/v2\/users\/1"}],"replies":[{"embeddable":true,"href":"https:\/\/www.revistarescatados.com.ar\/web\/wp-json\/wp\/v2\/comments?post=5018"}],"version-history":[{"count":1,"href":"https:\/\/www.revistarescatados.com.ar\/web\/wp-json\/wp\/v2\/posts\/5018\/revisions"}],"predecessor-version":[{"id":5020,"href":"https:\/\/www.revistarescatados.com.ar\/web\/wp-json\/wp\/v2\/posts\/5018\/revisions\/5020"}],"wp:featuredmedia":[{"embeddable":true,"href":"https:\/\/www.revistarescatados.com.ar\/web\/wp-json\/wp\/v2\/media\/5019"}],"wp:attachment":[{"href":"https:\/\/www.revistarescatados.com.ar\/web\/wp-json\/wp\/v2\/media?parent=5018"}],"wp:term":[{"taxonomy":"category","embeddable":true,"href":"https:\/\/www.revistarescatados.com.ar\/web\/wp-json\/wp\/v2\/categories?post=5018"},{"taxonomy":"post_tag","embeddable":true,"href":"https:\/\/www.revistarescatados.com.ar\/web\/wp-json\/wp\/v2\/tags?post=5018"}],"curies":[{"name":"wp","href":"https:\/\/api.w.org\/{rel}","templated":true}]}}