{"id":5021,"date":"2019-05-20T22:10:08","date_gmt":"2019-05-21T01:10:08","guid":{"rendered":"http:\/\/www.revistarescatados.com.ar\/web\/?p=5021"},"modified":"2019-05-20T22:10:08","modified_gmt":"2019-05-21T01:10:08","slug":"jornada-sobre-alternativas-para-el-sector-foresto-industrial","status":"publish","type":"post","link":"https:\/\/www.revistarescatados.com.ar\/web\/2019\/05\/20\/jornada-sobre-alternativas-para-el-sector-foresto-industrial\/","title":{"rendered":"JORNADA SOBRE ALTERNATIVAS PARA EL SECTOR FORESTO INDUSTRIAL"},"content":{"rendered":"<p><img loading=\"lazy\" class=\"aligncenter size-full wp-image-5022\" src=\"http:\/\/www.revistarescatados.com.ar\/web\/wp-content\/uploads\/2019\/05\/fabricacion-de-muebles.jpg\" alt=\"\" width=\"1024\" height=\"683\" srcset=\"https:\/\/www.revistarescatados.com.ar\/web\/wp-content\/uploads\/2019\/05\/fabricacion-de-muebles.jpg 1024w, https:\/\/www.revistarescatados.com.ar\/web\/wp-content\/uploads\/2019\/05\/fabricacion-de-muebles-300x200.jpg 300w, https:\/\/www.revistarescatados.com.ar\/web\/wp-content\/uploads\/2019\/05\/fabricacion-de-muebles-768x512.jpg 768w\" sizes=\"(max-width: 1024px) 100vw, 1024px\" \/><\/p>\n<p><strong><span style=\"color: #0000ff;\">Se realizar\u00e1 el pr\u00f3ximo mi\u00e9rcoles 22, de 9 a 12 horas, en el Complejo la Estaci\u00f3n de la ciudad de Vera, ubicado en Rivadavia al 1650. Posteriormente, se visitar\u00e1 a carpinter\u00edas locales.<\/span><\/strong><\/p>\n<p>En el marco del programa \u201cChaco &#8211; Santa Fe: Integraci\u00f3n Territorial\u201d, el Plan del Norte del Gobierno de Santa Fe y el Ministerio de Industria del Chaco organizan una Jornada de Transferencia de Conocimientos de Acciones de Innovaci\u00f3n denominada Nuevas Alternativas a la Fabricaci\u00f3n del Mueble en el sector Foresto Industrial.<\/p>\n<p>Al respecto, Sergio Rojas explic\u00f3 que \u201cjunto con el gobierno de Chaco y puntualmente con el ministro de Industria, Comercio y Servicios, Gustavo Ferrer, hab\u00edamos detectado que una tem\u00e1tica importante a trabajar en conjunto era justamente la del sector foresto industrial, dentro de nuestra agenda de desarrollo interprovincial\u201d.<\/p>\n<p>El coordinador del Plan del Norte indic\u00f3 que \u201ces por eso que con ellos, que tienen m\u00e1s experiencia en las cuestiones de dise\u00f1o y nuevas t\u00e9cnicas de fabricaci\u00f3n de muebles, hab\u00edamos acordado la posibilidad de realizar este tipo de jornada sobre nuevas alternativas vinculadas con el sector. Incluso, el a\u00f1o pasado mantuvimos un encuentro con miembros de la Asociaci\u00f3n de Industrias Madereras de Vera\u201d.<\/p>\n<p>Asimismo, Rojas defini\u00f3 que \u201cla idea es invitar a todos aquellos carpinteros y a las distintas carpinter\u00edas del departamento Vera y alrededores, a participar de esta jornada, donde tambi\u00e9n se entregar\u00e1n certificados, para compartir experiencias entre ese sector del norte santafesino y de la provincia de Chaco. Queremos que sirva como una capacitaci\u00f3n, donde se puedan intercambiar conocimientos y puntos de vista\u201d.<\/p>\n<p>El encuentro se llevar\u00e1 a cabo el pr\u00f3ximo mi\u00e9rcoles 22, desde las 9 hasta las 12 horas, en el Complejo la Estaci\u00f3n de la ciudad de Vera.<\/p>\n","protected":false},"excerpt":{"rendered":"<p>Se realizar\u00e1 el pr\u00f3ximo mi\u00e9rcoles 22, de 9 a 12 horas, en el Complejo la Estaci\u00f3n de la ciudad de Vera, ubicado en Rivadavia al 1650. Posteriormente, se visitar\u00e1 a carpinter\u00edas locales.&#46;&#46;&#46;<\/p>\n","protected":false},"author":1,"featured_media":5022,"comment_status":"closed","ping_status":"open","sticky":false,"template":"","format":"standard","meta":[],"categories":[3,10,14],"tags":[],"_links":{"self":[{"href":"https:\/\/www.revistarescatados.com.ar\/web\/wp-json\/wp\/v2\/posts\/5021"}],"collection":[{"href":"https:\/\/www.revistarescatados.com.ar\/web\/wp-json\/wp\/v2\/posts"}],"about":[{"href":"https:\/\/www.revistarescatados.com.ar\/web\/wp-json\/wp\/v2\/types\/post"}],"author":[{"embeddable":true,"href":"https:\/\/www.revistarescatados.com.ar\/web\/wp-json\/wp\/v2\/users\/1"}],"replies":[{"embeddable":true,"href":"https:\/\/www.revistarescatados.com.ar\/web\/wp-json\/wp\/v2\/comments?post=5021"}],"version-history":[{"count":1,"href":"https:\/\/www.revistarescatados.com.ar\/web\/wp-json\/wp\/v2\/posts\/5021\/revisions"}],"predecessor-version":[{"id":5023,"href":"https:\/\/www.revistarescatados.com.ar\/web\/wp-json\/wp\/v2\/posts\/5021\/revisions\/5023"}],"wp:featuredmedia":[{"embeddable":true,"href":"https:\/\/www.revistarescatados.com.ar\/web\/wp-json\/wp\/v2\/media\/5022"}],"wp:attachment":[{"href":"https:\/\/www.revistarescatados.com.ar\/web\/wp-json\/wp\/v2\/media?parent=5021"}],"wp:term":[{"taxonomy":"category","embeddable":true,"href":"https:\/\/www.revistarescatados.com.ar\/web\/wp-json\/wp\/v2\/categories?post=5021"},{"taxonomy":"post_tag","embeddable":true,"href":"https:\/\/www.revistarescatados.com.ar\/web\/wp-json\/wp\/v2\/tags?post=5021"}],"curies":[{"name":"wp","href":"https:\/\/api.w.org\/{rel}","templated":true}]}}