{"id":5024,"date":"2019-05-20T22:19:10","date_gmt":"2019-05-21T01:19:10","guid":{"rendered":"http:\/\/www.revistarescatados.com.ar\/web\/?p=5024"},"modified":"2019-05-20T22:19:10","modified_gmt":"2019-05-21T01:19:10","slug":"nuevas-oportunidades-con-el-programa-ate-vivienda-y-refaccion-2019","status":"publish","type":"post","link":"https:\/\/www.revistarescatados.com.ar\/web\/2019\/05\/20\/nuevas-oportunidades-con-el-programa-ate-vivienda-y-refaccion-2019\/","title":{"rendered":"Nuevas oportunidades con el Programa ATE Vivienda y Refacci\u00f3n 2019"},"content":{"rendered":"<p><img loading=\"lazy\" class=\"aligncenter size-full wp-image-2242\" src=\"http:\/\/www.revistarescatados.com.ar\/web\/wp-content\/uploads\/2018\/10\/ATE-vivienda.jpg\" alt=\"\" width=\"960\" height=\"640\" srcset=\"https:\/\/www.revistarescatados.com.ar\/web\/wp-content\/uploads\/2018\/10\/ATE-vivienda.jpg 960w, https:\/\/www.revistarescatados.com.ar\/web\/wp-content\/uploads\/2018\/10\/ATE-vivienda-300x200.jpg 300w, https:\/\/www.revistarescatados.com.ar\/web\/wp-content\/uploads\/2018\/10\/ATE-vivienda-768x512.jpg 768w\" sizes=\"(max-width: 960px) 100vw, 960px\" \/><\/p>\n<p><span style=\"color: #0000ff;\"><strong>La Asociaci\u00f3n Trabajadores del Estado -ATE- Santa Fe pone en marcha una edici\u00f3n m\u00e1s del Programa ATE Vivienda y Refacci\u00f3n 2019, con la apertura de la inscripci\u00f3n de manera gratuita y s\u00f3lo on line a trav\u00e9s de la p\u00e1gina web.\u00a0<\/strong><\/span><\/p>\n<p>Para acceder a este crucial beneficio que incluye 240 soluciones habitacionales -120 casas y 120 planes de refacci\u00f3n- en todo el a\u00f1o, con 5 sorteos semanales por cada l\u00ednea, p\u00fablicos y transparentes, es requisito ser afiliado\/a comprendido en la Ley 10.052 de Paritaria de la Administraci\u00f3n P\u00fablica y en la Ley 13.608, del personal del Tribunal de Cuentas.<\/p>\n<p>Cabe destacar que el trabajador\/a incluido en las leyes mencionadas reci\u00e9n afiliado\/a participa inmediatamente de los sorteos.<\/p>\n<p>Los sorteos se llevar\u00e1n adelante todos los mi\u00e9rcoles hasta diciembre, desde el 26 de junio, con transmisi\u00f3n en vivo por la p\u00e1gina de ATE Santa Fe en Facebook.<\/p>\n<p>Los beneficiarios son publicados por todos los medios de difusi\u00f3n que ATE posee al finalizar cada sorteo semanal.<\/p>\n<p>Cabe destacar que en 2018, uno de cada 30 inscriptos result\u00f3 beneficiado, por lo que las posibilidades para cada trabajador participante es ampl\u00edsima.<\/p>\n","protected":false},"excerpt":{"rendered":"<p>La Asociaci\u00f3n Trabajadores del Estado -ATE- Santa Fe pone en marcha una edici\u00f3n m\u00e1s del Programa ATE Vivienda y Refacci\u00f3n 2019, con la apertura de la inscripci\u00f3n de manera gratuita y s\u00f3lo&#46;&#46;&#46;<\/p>\n","protected":false},"author":1,"featured_media":2242,"comment_status":"closed","ping_status":"open","sticky":false,"template":"","format":"standard","meta":[],"categories":[10,12,8],"tags":[],"_links":{"self":[{"href":"https:\/\/www.revistarescatados.com.ar\/web\/wp-json\/wp\/v2\/posts\/5024"}],"collection":[{"href":"https:\/\/www.revistarescatados.com.ar\/web\/wp-json\/wp\/v2\/posts"}],"about":[{"href":"https:\/\/www.revistarescatados.com.ar\/web\/wp-json\/wp\/v2\/types\/post"}],"author":[{"embeddable":true,"href":"https:\/\/www.revistarescatados.com.ar\/web\/wp-json\/wp\/v2\/users\/1"}],"replies":[{"embeddable":true,"href":"https:\/\/www.revistarescatados.com.ar\/web\/wp-json\/wp\/v2\/comments?post=5024"}],"version-history":[{"count":1,"href":"https:\/\/www.revistarescatados.com.ar\/web\/wp-json\/wp\/v2\/posts\/5024\/revisions"}],"predecessor-version":[{"id":5025,"href":"https:\/\/www.revistarescatados.com.ar\/web\/wp-json\/wp\/v2\/posts\/5024\/revisions\/5025"}],"wp:featuredmedia":[{"embeddable":true,"href":"https:\/\/www.revistarescatados.com.ar\/web\/wp-json\/wp\/v2\/media\/2242"}],"wp:attachment":[{"href":"https:\/\/www.revistarescatados.com.ar\/web\/wp-json\/wp\/v2\/media?parent=5024"}],"wp:term":[{"taxonomy":"category","embeddable":true,"href":"https:\/\/www.revistarescatados.com.ar\/web\/wp-json\/wp\/v2\/categories?post=5024"},{"taxonomy":"post_tag","embeddable":true,"href":"https:\/\/www.revistarescatados.com.ar\/web\/wp-json\/wp\/v2\/tags?post=5024"}],"curies":[{"name":"wp","href":"https:\/\/api.w.org\/{rel}","templated":true}]}}