{"id":5050,"date":"2019-05-24T02:57:08","date_gmt":"2019-05-24T05:57:08","guid":{"rendered":"http:\/\/www.revistarescatados.com.ar\/web\/?p=5050"},"modified":"2019-05-24T02:57:08","modified_gmt":"2019-05-24T05:57:08","slug":"el-gobierno-provincial-respondio-al-reclamo-de-ate-por-el-pase-a-planta-permanente-de-contratados","status":"publish","type":"post","link":"https:\/\/www.revistarescatados.com.ar\/web\/2019\/05\/24\/el-gobierno-provincial-respondio-al-reclamo-de-ate-por-el-pase-a-planta-permanente-de-contratados\/","title":{"rendered":"El gobierno provincial respondi\u00f3 al reclamo de ATE por el pase a planta permanente de contratados"},"content":{"rendered":"<p><img loading=\"lazy\" class=\"aligncenter size-full wp-image-4792\" src=\"http:\/\/www.revistarescatados.com.ar\/web\/wp-content\/uploads\/2019\/04\/ATE.jpg\" alt=\"\" width=\"640\" height=\"360\" srcset=\"https:\/\/www.revistarescatados.com.ar\/web\/wp-content\/uploads\/2019\/04\/ATE.jpg 640w, https:\/\/www.revistarescatados.com.ar\/web\/wp-content\/uploads\/2019\/04\/ATE-300x169.jpg 300w\" sizes=\"(max-width: 640px) 100vw, 640px\" \/><\/p>\n<p><span style=\"color: #0000ff;\"><strong>La Asociaci\u00f3n Trabajadores del Estado -ATE- Santa Fe informa que el ministro de Gobierno, Pablo Far\u00edas, se comunic\u00f3 con el gremio a ra\u00edz de los reclamos por el pase a planta de trabajadores contratados\/as. Y \u201cse compromete a realizar un estudio atento y consistente, a partir del cual poder sentar bases de un trabajo en los marcos paritarios que son los propios para construir las soluciones a este tipo de problem\u00e1tica\u201d.<\/strong><\/span><\/p>\n<p>Tambi\u00e9n manifiesta en la nota que \u201cha sido siempre una prioridad para este gobierno la estabilidad de los servicios p\u00fablicos que presta, en especial los servicios b\u00e1sicos que le corresponden en el marco de las regulaciones constitucionales, como son el sistema de salud, educaci\u00f3n y de seguridad\u201d.<\/p>\n<p>Cabe mencionar que si bien no se estableci\u00f3 una fecha de convocatoria, en la nota est\u00e1 puesto de manifiesto que el pase a planta ser\u00e1 abordado en el \u00e1mbito paritario.<\/p>\n<p>Desde ATE, se continuar\u00e1 exigiendo que se concrete a la brevedad esta reuni\u00f3n. Y de no existir una respuesta, se promover\u00e1 una jornada provincial de protesta tal cual definieron los trabajadores\/as contratados\/as en numerosas asambleas.<\/p>\n","protected":false},"excerpt":{"rendered":"<p>La Asociaci\u00f3n Trabajadores del Estado -ATE- Santa Fe informa que el ministro de Gobierno, Pablo Far\u00edas, se comunic\u00f3 con el gremio a ra\u00edz de los reclamos por el pase a planta de&#46;&#46;&#46;<\/p>\n","protected":false},"author":1,"featured_media":4792,"comment_status":"closed","ping_status":"open","sticky":false,"template":"","format":"standard","meta":[],"categories":[10,12],"tags":[],"_links":{"self":[{"href":"https:\/\/www.revistarescatados.com.ar\/web\/wp-json\/wp\/v2\/posts\/5050"}],"collection":[{"href":"https:\/\/www.revistarescatados.com.ar\/web\/wp-json\/wp\/v2\/posts"}],"about":[{"href":"https:\/\/www.revistarescatados.com.ar\/web\/wp-json\/wp\/v2\/types\/post"}],"author":[{"embeddable":true,"href":"https:\/\/www.revistarescatados.com.ar\/web\/wp-json\/wp\/v2\/users\/1"}],"replies":[{"embeddable":true,"href":"https:\/\/www.revistarescatados.com.ar\/web\/wp-json\/wp\/v2\/comments?post=5050"}],"version-history":[{"count":1,"href":"https:\/\/www.revistarescatados.com.ar\/web\/wp-json\/wp\/v2\/posts\/5050\/revisions"}],"predecessor-version":[{"id":5051,"href":"https:\/\/www.revistarescatados.com.ar\/web\/wp-json\/wp\/v2\/posts\/5050\/revisions\/5051"}],"wp:featuredmedia":[{"embeddable":true,"href":"https:\/\/www.revistarescatados.com.ar\/web\/wp-json\/wp\/v2\/media\/4792"}],"wp:attachment":[{"href":"https:\/\/www.revistarescatados.com.ar\/web\/wp-json\/wp\/v2\/media?parent=5050"}],"wp:term":[{"taxonomy":"category","embeddable":true,"href":"https:\/\/www.revistarescatados.com.ar\/web\/wp-json\/wp\/v2\/categories?post=5050"},{"taxonomy":"post_tag","embeddable":true,"href":"https:\/\/www.revistarescatados.com.ar\/web\/wp-json\/wp\/v2\/tags?post=5050"}],"curies":[{"name":"wp","href":"https:\/\/api.w.org\/{rel}","templated":true}]}}