{"id":5052,"date":"2019-05-24T03:02:37","date_gmt":"2019-05-24T06:02:37","guid":{"rendered":"http:\/\/www.revistarescatados.com.ar\/web\/?p=5052"},"modified":"2019-05-24T03:02:37","modified_gmt":"2019-05-24T06:02:37","slug":"los-empleados-municipales-y-comunales-paran-el-miercoles-29-de-mayo","status":"publish","type":"post","link":"https:\/\/www.revistarescatados.com.ar\/web\/2019\/05\/24\/los-empleados-municipales-y-comunales-paran-el-miercoles-29-de-mayo\/","title":{"rendered":"Los empleados municipales y comunales paran el mi\u00e9rcoles 29 de mayo"},"content":{"rendered":"<p><span style=\"color: #0000ff;\"><strong>\u00a0<img loading=\"lazy\" class=\"aligncenter size-full wp-image-1974\" src=\"http:\/\/www.revistarescatados.com.ar\/web\/wp-content\/uploads\/2018\/09\/festram.jpg\" alt=\"\" width=\"1200\" height=\"801\" srcset=\"https:\/\/www.revistarescatados.com.ar\/web\/wp-content\/uploads\/2018\/09\/festram.jpg 1200w, https:\/\/www.revistarescatados.com.ar\/web\/wp-content\/uploads\/2018\/09\/festram-300x200.jpg 300w, https:\/\/www.revistarescatados.com.ar\/web\/wp-content\/uploads\/2018\/09\/festram-768x513.jpg 768w, https:\/\/www.revistarescatados.com.ar\/web\/wp-content\/uploads\/2018\/09\/festram-1024x684.jpg 1024w\" sizes=\"(max-width: 1200px) 100vw, 1200px\" \/><\/strong><\/span><\/p>\n<p><span style=\"color: #0000ff;\"><strong>En el marco de los 50 a\u00f1os del Rosariazo y el Cordobazo, la Federaci\u00f3n de Sindicatos de Trabajadores Municipales de la Provincia de Santa Fe, adhiere al Paro General de 24 horas, dispuesto por el Consejo Directivo de la CGT para el mi\u00e9rcoles 29 de Mayo.<\/strong><\/span><\/p>\n<p>Los Sindicatos adheridos adoptar\u00e1n la medida de fuerza de acuerdo a las resoluciones de cada una de las Delegaciones Regionales de la CGT, atendiendo fundamentalmente aquellas que resuelvan paros activos, movilizaciones u ollas populares junto a otras organizaciones sociales.<\/p>\n<p>El Secretario General del gremio, Claudio Leoni, destac\u00f3 que \u201cel Paro General coincide con el cumplimiento de los 50 a\u00f1os del Cordobazo, fecha emblem\u00e1tica de las luchas obreras y populares en resistencia a los modelos de desocupaci\u00f3n, pobreza y entrega de la soberan\u00eda econ\u00f3mica. Este a\u00f1o recordamos tambi\u00e9n la gesta del Rosariazo, hechos ejemplares de las luchas sindicales. Tampoco es casualidad que estemos a 100 a\u00f1os de los levantamientos obreros en La Forestal o en la Patagonia Rebelde o en la Semana Tr\u00e1gica, porque como en la actualidad la imposici\u00f3n de las clases dominantes de modelos de exportaci\u00f3n de recursos naturales y entrega del patrimonio nacional generan pobreza extrema sobre los trabajadores y las mayor\u00edas populares.\u201d<\/p>\n<p>\u201cNuestra participaci\u00f3n en la Corriente Federal de Trabajadores tiene que ver con la interpretaci\u00f3n de que la historia de las grandes transformaciones se generan desde el interior al centro y desde abajo hacia arriba, empujando a las dirigencias nacionales desvinculadas de las necesidades de los trabajadores, para que concreten ahora un nuevo Paro General para detener la hemorragia laboral, social y econ\u00f3mica generada por el gobierno de Macri, sus socios y sus aliados de Cambiemos\u201d.<\/p>\n","protected":false},"excerpt":{"rendered":"<p>\u00a0 En el marco de los 50 a\u00f1os del Rosariazo y el Cordobazo, la Federaci\u00f3n de Sindicatos de Trabajadores Municipales de la Provincia de Santa Fe, adhiere al Paro General de 24&#46;&#46;&#46;<\/p>\n","protected":false},"author":1,"featured_media":1974,"comment_status":"closed","ping_status":"open","sticky":false,"template":"","format":"standard","meta":[],"categories":[10,12],"tags":[],"_links":{"self":[{"href":"https:\/\/www.revistarescatados.com.ar\/web\/wp-json\/wp\/v2\/posts\/5052"}],"collection":[{"href":"https:\/\/www.revistarescatados.com.ar\/web\/wp-json\/wp\/v2\/posts"}],"about":[{"href":"https:\/\/www.revistarescatados.com.ar\/web\/wp-json\/wp\/v2\/types\/post"}],"author":[{"embeddable":true,"href":"https:\/\/www.revistarescatados.com.ar\/web\/wp-json\/wp\/v2\/users\/1"}],"replies":[{"embeddable":true,"href":"https:\/\/www.revistarescatados.com.ar\/web\/wp-json\/wp\/v2\/comments?post=5052"}],"version-history":[{"count":1,"href":"https:\/\/www.revistarescatados.com.ar\/web\/wp-json\/wp\/v2\/posts\/5052\/revisions"}],"predecessor-version":[{"id":5053,"href":"https:\/\/www.revistarescatados.com.ar\/web\/wp-json\/wp\/v2\/posts\/5052\/revisions\/5053"}],"wp:featuredmedia":[{"embeddable":true,"href":"https:\/\/www.revistarescatados.com.ar\/web\/wp-json\/wp\/v2\/media\/1974"}],"wp:attachment":[{"href":"https:\/\/www.revistarescatados.com.ar\/web\/wp-json\/wp\/v2\/media?parent=5052"}],"wp:term":[{"taxonomy":"category","embeddable":true,"href":"https:\/\/www.revistarescatados.com.ar\/web\/wp-json\/wp\/v2\/categories?post=5052"},{"taxonomy":"post_tag","embeddable":true,"href":"https:\/\/www.revistarescatados.com.ar\/web\/wp-json\/wp\/v2\/tags?post=5052"}],"curies":[{"name":"wp","href":"https:\/\/api.w.org\/{rel}","templated":true}]}}