{"id":5094,"date":"2019-05-27T18:52:43","date_gmt":"2019-05-27T21:52:43","guid":{"rendered":"http:\/\/www.revistarescatados.com.ar\/web\/?p=5094"},"modified":"2019-05-27T18:52:43","modified_gmt":"2019-05-27T21:52:43","slug":"la-cooperativa-de-electrificacion-rural-de-calchaqui-recibio-aportes-provinciales","status":"publish","type":"post","link":"https:\/\/www.revistarescatados.com.ar\/web\/2019\/05\/27\/la-cooperativa-de-electrificacion-rural-de-calchaqui-recibio-aportes-provinciales\/","title":{"rendered":"La Cooperativa de electrificaci\u00f3n rural de Calchaqu\u00ed recibi\u00f3 aportes provinciales"},"content":{"rendered":"<p>&nbsp;<\/p>\n<p><img loading=\"lazy\" class=\"aligncenter size-full wp-image-2070\" src=\"http:\/\/www.revistarescatados.com.ar\/web\/wp-content\/uploads\/2018\/09\/Recorrido-de-la-cooperativa.jpg\" alt=\"\" width=\"1383\" height=\"922\" srcset=\"https:\/\/www.revistarescatados.com.ar\/web\/wp-content\/uploads\/2018\/09\/Recorrido-de-la-cooperativa.jpg 1383w, https:\/\/www.revistarescatados.com.ar\/web\/wp-content\/uploads\/2018\/09\/Recorrido-de-la-cooperativa-300x200.jpg 300w, https:\/\/www.revistarescatados.com.ar\/web\/wp-content\/uploads\/2018\/09\/Recorrido-de-la-cooperativa-768x512.jpg 768w, https:\/\/www.revistarescatados.com.ar\/web\/wp-content\/uploads\/2018\/09\/Recorrido-de-la-cooperativa-1024x683.jpg 1024w\" sizes=\"(max-width: 1383px) 100vw, 1383px\" \/><br \/>\n<span style=\"color: #0000ff;\"><strong>Se trata de los aportes provenientes del Fondo Compensador de Electrificaci\u00f3n Rural Cooperativo para mantener y mejorar el servicio el\u00e9ctrico en zonas rurales.\u00a0<\/strong><\/span><\/p>\n<p>La secretaria de Estado de la Energ\u00eda, Ver\u00f3nica Geese, entreg\u00f3 este lunes aportes no reintegrables a seis cooperativas el\u00e9ctricas y rurales con el objetivo de acompa\u00f1arlas en mejorar y mantener el servicio, en el marco del Fondo de Electrificaci\u00f3n Rural para Cooperativas El\u00e9ctricas.<\/p>\n<p>Las entidades que recibieron los aportes fueron las cooperativas de Electrificaci\u00f3n Rural y otros Servicios P\u00fablicos de Calchaqu\u00ed; de Provisi\u00f3n de Servicios P\u00fablicos de Romang Limitada; de Provisi\u00f3n de Agua Potable y Otros Servicios P\u00fablicos de Humberto Primo Limitada; de Electricidad de La Criolla Limitada; de Provisi\u00f3n de Electricidad y Otros Servicios P\u00fablicos de Margarita Limitada; y de Provisi\u00f3n de Obras y Servicios P\u00fablicos y Asistenciales, Vivienda y Cr\u00e9dito de Vera y Pintado y La Camila Limitada.<\/p>\n<p>\u201cEstamos muy contentos de reunir a las cooperativas que est\u00e1n recibiendo este aporte. Estos encuentros son muy importante para juntarnos y poder hablar de temas que quedan pendientes, tratando de mejorar\u201d, manifest\u00f3 Geese.<\/p>\n<p>\u201cLos miembros de las cooperativas, al igual que nosotros, hacemos hincapi\u00e9 en que todo este trayecto del Fondo Rural Cooperativo lo construimos juntos con di\u00e1logo, consenso y por eso sali\u00f3 tan bien\u201d, remarc\u00f3.<\/p>\n<p>A la fecha, ya \u201centregamos m\u00e1s 30 millones de pesos al sector cooperativo, estamos hablando de 20 cooperativas de electrificaci\u00f3n que prestan servicio s\u00f3lo en sectores rurales, que se formaron en distintas \u00e9pocas de estos \u00faltimos a\u00f1os y que tienen mucha extensi\u00f3n de l\u00ednea con muy baja densidad de usuarios. Eso hace que cuando tienen que recorrer esas l\u00edneas y tienen que prestar ese servicio se les hace muy caro reponer los cables y postes, estos fondos hacen posible que se sigan sosteniendo el servicio\u201d, concluy\u00f3 Geese.<\/p>\n<p>El presidente de la Federaci\u00f3n Santafesina de Cooperativas de Electricidad, Obras y Servicios P\u00fablicos, Federico Ferrero, destac\u00f3 que \u201cestos aporte les permiten a las cooperativas mantener en el mejor estado posible sus l\u00edneas y sus redes y por ende el mejor servicio posible en aquellos lugares de dif\u00edcil acceso o alejados de los grandes centros urbanos\u201d.<\/p>\n<p>\u201cEl cooperativismo como empresas sociales que somos tenemos muy en claro que todos merecen el mismo trato y merecen acceder a un servicio b\u00e1sico como la energ\u00eda. Es por eso que se hacen esfuerzos sobrehumanos para llegar hasta el \u00faltimo rinc\u00f3n del interior de la provincia. Eso es una tarea dif\u00edcil y este fondo viene a ayudar de una forma muy importante. Es la segunda tanda de entregas y es importante que este fondo se prorrogue por otros 5 a\u00f1os para seguir invirtiendo en la calidad del servicio\u201d, agreg\u00f3.<\/p>\n<p><img loading=\"lazy\" class=\"aligncenter size-full wp-image-5095\" src=\"http:\/\/www.revistarescatados.com.ar\/web\/wp-content\/uploads\/2019\/05\/aportes-a-cooperativas-electricas-rurales.jpg\" alt=\"\" width=\"1912\" height=\"1080\" srcset=\"https:\/\/www.revistarescatados.com.ar\/web\/wp-content\/uploads\/2019\/05\/aportes-a-cooperativas-electricas-rurales.jpg 1912w, https:\/\/www.revistarescatados.com.ar\/web\/wp-content\/uploads\/2019\/05\/aportes-a-cooperativas-electricas-rurales-300x169.jpg 300w, https:\/\/www.revistarescatados.com.ar\/web\/wp-content\/uploads\/2019\/05\/aportes-a-cooperativas-electricas-rurales-768x434.jpg 768w, https:\/\/www.revistarescatados.com.ar\/web\/wp-content\/uploads\/2019\/05\/aportes-a-cooperativas-electricas-rurales-1024x578.jpg 1024w\" sizes=\"(max-width: 1912px) 100vw, 1912px\" \/><\/p>\n<p><strong><span style=\"color: #0000ff;\">FONDO DE ELECTRIFICACI\u00d3N RURAL COOPERATIVO<\/span><\/strong><\/p>\n<p>El Fondo de Electrificaci\u00f3n Rural para Cooperativas El\u00e9ctricas tiene como destino la realizaci\u00f3n de obras de mantenimiento de la infraestructura para la prestaci\u00f3n del servicio de electrificaci\u00f3n rural brindado por Cooperativas y Comunas.<\/p>\n<p>El Fondo de Electrificaci\u00f3n Rural est\u00e1 estipulado con una duraci\u00f3n de cinco a\u00f1os con posibilidad de pr\u00f3rroga. Las cooperativas suscribieron con la Secretar\u00eda de Estado de la Energ\u00eda un acta de adhesi\u00f3n en la que se asume el compromiso de cumplimiento de la obligaci\u00f3n del Art. 5 del texto ordenado Ley 6604.<\/p>\n<p><span style=\"color: #0000ff;\"><strong>PRESENTES<\/strong><\/span><br \/>\nEl acto se realiz\u00f3 en el auditorio del Hotel UNL &#8211; ATE con la presencia del secretario de Desarrollo Territorial y Econom\u00eda Social del Ministerio de la Producci\u00f3n, Mauro Casella; y el director Cooperativo de la Empresa Provincial de la Energ\u00eda, Carlos N\u00f3bile.<\/p>\n<p>Tambi\u00e9n participaron el presidente de la Federaci\u00f3n Argentina de Cooperativas de Electricidad Obras y Otros Servicios P\u00fablicos Regional Santa Fe, Maimonedes Roquero; presidentes y miembros de las cooperativas rurales que recibieron aportes.<\/p>\n","protected":false},"excerpt":{"rendered":"<p>&nbsp; Se trata de los aportes provenientes del Fondo Compensador de Electrificaci\u00f3n Rural Cooperativo para mantener y mejorar el servicio el\u00e9ctrico en zonas rurales.\u00a0 La secretaria de Estado de la Energ\u00eda, Ver\u00f3nica&#46;&#46;&#46;<\/p>\n","protected":false},"author":1,"featured_media":2070,"comment_status":"closed","ping_status":"open","sticky":false,"template":"","format":"standard","meta":[],"categories":[2,3,16,10],"tags":[],"_links":{"self":[{"href":"https:\/\/www.revistarescatados.com.ar\/web\/wp-json\/wp\/v2\/posts\/5094"}],"collection":[{"href":"https:\/\/www.revistarescatados.com.ar\/web\/wp-json\/wp\/v2\/posts"}],"about":[{"href":"https:\/\/www.revistarescatados.com.ar\/web\/wp-json\/wp\/v2\/types\/post"}],"author":[{"embeddable":true,"href":"https:\/\/www.revistarescatados.com.ar\/web\/wp-json\/wp\/v2\/users\/1"}],"replies":[{"embeddable":true,"href":"https:\/\/www.revistarescatados.com.ar\/web\/wp-json\/wp\/v2\/comments?post=5094"}],"version-history":[{"count":1,"href":"https:\/\/www.revistarescatados.com.ar\/web\/wp-json\/wp\/v2\/posts\/5094\/revisions"}],"predecessor-version":[{"id":5096,"href":"https:\/\/www.revistarescatados.com.ar\/web\/wp-json\/wp\/v2\/posts\/5094\/revisions\/5096"}],"wp:featuredmedia":[{"embeddable":true,"href":"https:\/\/www.revistarescatados.com.ar\/web\/wp-json\/wp\/v2\/media\/2070"}],"wp:attachment":[{"href":"https:\/\/www.revistarescatados.com.ar\/web\/wp-json\/wp\/v2\/media?parent=5094"}],"wp:term":[{"taxonomy":"category","embeddable":true,"href":"https:\/\/www.revistarescatados.com.ar\/web\/wp-json\/wp\/v2\/categories?post=5094"},{"taxonomy":"post_tag","embeddable":true,"href":"https:\/\/www.revistarescatados.com.ar\/web\/wp-json\/wp\/v2\/tags?post=5094"}],"curies":[{"name":"wp","href":"https:\/\/api.w.org\/{rel}","templated":true}]}}