{"id":5138,"date":"2019-05-30T13:58:50","date_gmt":"2019-05-30T16:58:50","guid":{"rendered":"http:\/\/www.revistarescatados.com.ar\/web\/?p=5138"},"modified":"2019-05-30T13:58:50","modified_gmt":"2019-05-30T16:58:50","slug":"desde-setiembre-empleados-de-comercio-tendran-aumentos-escalonados-en-sus-haberes","status":"publish","type":"post","link":"https:\/\/www.revistarescatados.com.ar\/web\/2019\/05\/30\/desde-setiembre-empleados-de-comercio-tendran-aumentos-escalonados-en-sus-haberes\/","title":{"rendered":"Desde setiembre, empleados de comercio tendr\u00e1n aumentos escalonados en sus haberes"},"content":{"rendered":"<p><img loading=\"lazy\" class=\"aligncenter size-full wp-image-5139\" src=\"http:\/\/www.revistarescatados.com.ar\/web\/wp-content\/uploads\/2019\/05\/empleado-de-comercio.jpg\" alt=\"\" width=\"800\" height=\"450\" srcset=\"https:\/\/www.revistarescatados.com.ar\/web\/wp-content\/uploads\/2019\/05\/empleado-de-comercio.jpg 800w, https:\/\/www.revistarescatados.com.ar\/web\/wp-content\/uploads\/2019\/05\/empleado-de-comercio-300x169.jpg 300w, https:\/\/www.revistarescatados.com.ar\/web\/wp-content\/uploads\/2019\/05\/empleado-de-comercio-768x432.jpg 768w\" sizes=\"(max-width: 800px) 100vw, 800px\" \/><\/p>\n<p><span style=\"color: #0000ff;\"><strong>Esto significa que desde setiembre 2019 (a cobrar en los primeros d\u00edas de octubre), hasta marzo 2020 (a cobrar en los primeros d\u00edas de abril), los empleados de comercio acumular\u00e1n un 30 % de aumento salarial.<\/strong><\/span><\/p>\n<p>Consensuaron que se aplicar\u00e1 de la siguiente forma:<br \/>\n4,5 % septiembre,<br \/>\n4,5 % noviembre<br \/>\n4,5 % enero 2020<br \/>\n4,5 % marzo 2020 respectivamente, sobre la escala salarial b\u00e1sica de marzo de 2019.<\/p>\n<p>Mientras que la asignaci\u00f3n extraordinaria y por \u00fanica vez, se abonar\u00e1 en 5 cuotas de 4,5 % en mayo, junio,\u00a0julio y agosto de este a\u00f1o y 3 % en marzo de 2020.<\/p>\n<p><em><strong>Fuente: Seper Noticias<\/strong><\/em><\/p>\n","protected":false},"excerpt":{"rendered":"<p>Esto significa que desde setiembre 2019 (a cobrar en los primeros d\u00edas de octubre), hasta marzo 2020 (a cobrar en los primeros d\u00edas de abril), los empleados de comercio acumular\u00e1n un 30&#46;&#46;&#46;<\/p>\n","protected":false},"author":1,"featured_media":5139,"comment_status":"closed","ping_status":"open","sticky":false,"template":"","format":"standard","meta":[],"categories":[10,8],"tags":[],"_links":{"self":[{"href":"https:\/\/www.revistarescatados.com.ar\/web\/wp-json\/wp\/v2\/posts\/5138"}],"collection":[{"href":"https:\/\/www.revistarescatados.com.ar\/web\/wp-json\/wp\/v2\/posts"}],"about":[{"href":"https:\/\/www.revistarescatados.com.ar\/web\/wp-json\/wp\/v2\/types\/post"}],"author":[{"embeddable":true,"href":"https:\/\/www.revistarescatados.com.ar\/web\/wp-json\/wp\/v2\/users\/1"}],"replies":[{"embeddable":true,"href":"https:\/\/www.revistarescatados.com.ar\/web\/wp-json\/wp\/v2\/comments?post=5138"}],"version-history":[{"count":1,"href":"https:\/\/www.revistarescatados.com.ar\/web\/wp-json\/wp\/v2\/posts\/5138\/revisions"}],"predecessor-version":[{"id":5140,"href":"https:\/\/www.revistarescatados.com.ar\/web\/wp-json\/wp\/v2\/posts\/5138\/revisions\/5140"}],"wp:featuredmedia":[{"embeddable":true,"href":"https:\/\/www.revistarescatados.com.ar\/web\/wp-json\/wp\/v2\/media\/5139"}],"wp:attachment":[{"href":"https:\/\/www.revistarescatados.com.ar\/web\/wp-json\/wp\/v2\/media?parent=5138"}],"wp:term":[{"taxonomy":"category","embeddable":true,"href":"https:\/\/www.revistarescatados.com.ar\/web\/wp-json\/wp\/v2\/categories?post=5138"},{"taxonomy":"post_tag","embeddable":true,"href":"https:\/\/www.revistarescatados.com.ar\/web\/wp-json\/wp\/v2\/tags?post=5138"}],"curies":[{"name":"wp","href":"https:\/\/api.w.org\/{rel}","templated":true}]}}