{"id":5147,"date":"2019-05-30T20:52:55","date_gmt":"2019-05-30T23:52:55","guid":{"rendered":"http:\/\/www.revistarescatados.com.ar\/web\/?p=5147"},"modified":"2019-05-30T20:52:55","modified_gmt":"2019-05-30T23:52:55","slug":"lifschitz-inaugurara-el-nuevo-hospital-regional-reconquista","status":"publish","type":"post","link":"https:\/\/www.revistarescatados.com.ar\/web\/2019\/05\/30\/lifschitz-inaugurara-el-nuevo-hospital-regional-reconquista\/","title":{"rendered":"Lifschitz inaugurar\u00e1 el Nuevo Hospital Regional Reconquista"},"content":{"rendered":"<p><img loading=\"lazy\" class=\"aligncenter size-full wp-image-5148\" src=\"http:\/\/www.revistarescatados.com.ar\/web\/wp-content\/uploads\/2019\/05\/nuevo-hospital-reconquista.jpg\" alt=\"\" width=\"720\" height=\"479\" srcset=\"https:\/\/www.revistarescatados.com.ar\/web\/wp-content\/uploads\/2019\/05\/nuevo-hospital-reconquista.jpg 720w, https:\/\/www.revistarescatados.com.ar\/web\/wp-content\/uploads\/2019\/05\/nuevo-hospital-reconquista-300x200.jpg 300w\" sizes=\"(max-width: 720px) 100vw, 720px\" \/><\/p>\n<p><span style=\"color: #0000ff;\"><strong>La obra demand\u00f3 una inversi\u00f3n de $ 2500 millones y se convertir\u00e1 en uno de los efectores m\u00e1s moderno del pa\u00eds, con equipamiento de \u00faltima generaci\u00f3n.\u00a0El gobernador Miguel Lifschitz dejar\u00e1 inaugurado este viernes el nuevo hospital de alta complejidad Reconquista. El acto se desarrollar\u00e1 desde las 16 horas en la Ruta Nacional N\u00ba 11 y bulevar Lovato de la ciudad de Reconquista. <\/strong><\/span><\/p>\n<p>La jornada contar\u00e1 con la presencia de autoridades locales y provinciales. Tambi\u00e9n incluir\u00e1 un show musical con la presentaci\u00f3n de Mario Pereyra y Monchito Merlo y pantallas gigantes para que cada vecino pueda seguir de cerca el espect\u00e1culo.<\/p>\n<p>El moderno hospital de tercer nivel de complejidad de 24 mil metros cuadrados cuenta con un total de 170 camas y comprende, en sus dos plantas, salas de espera, aulas, auditorio, cafeter\u00eda, sector m\u00e9dico que incluye bloque de cirug\u00eda, maternidad y neonatolog\u00eda centradas en la familia, y salas de parto respetado.<\/p>\n","protected":false},"excerpt":{"rendered":"<p>La obra demand\u00f3 una inversi\u00f3n de $ 2500 millones y se convertir\u00e1 en uno de los efectores m\u00e1s moderno del pa\u00eds, con equipamiento de \u00faltima generaci\u00f3n.\u00a0El gobernador Miguel Lifschitz dejar\u00e1 inaugurado este&#46;&#46;&#46;<\/p>\n","protected":false},"author":1,"featured_media":5148,"comment_status":"closed","ping_status":"open","sticky":false,"template":"","format":"standard","meta":[],"categories":[6,14,9],"tags":[],"_links":{"self":[{"href":"https:\/\/www.revistarescatados.com.ar\/web\/wp-json\/wp\/v2\/posts\/5147"}],"collection":[{"href":"https:\/\/www.revistarescatados.com.ar\/web\/wp-json\/wp\/v2\/posts"}],"about":[{"href":"https:\/\/www.revistarescatados.com.ar\/web\/wp-json\/wp\/v2\/types\/post"}],"author":[{"embeddable":true,"href":"https:\/\/www.revistarescatados.com.ar\/web\/wp-json\/wp\/v2\/users\/1"}],"replies":[{"embeddable":true,"href":"https:\/\/www.revistarescatados.com.ar\/web\/wp-json\/wp\/v2\/comments?post=5147"}],"version-history":[{"count":1,"href":"https:\/\/www.revistarescatados.com.ar\/web\/wp-json\/wp\/v2\/posts\/5147\/revisions"}],"predecessor-version":[{"id":5149,"href":"https:\/\/www.revistarescatados.com.ar\/web\/wp-json\/wp\/v2\/posts\/5147\/revisions\/5149"}],"wp:featuredmedia":[{"embeddable":true,"href":"https:\/\/www.revistarescatados.com.ar\/web\/wp-json\/wp\/v2\/media\/5148"}],"wp:attachment":[{"href":"https:\/\/www.revistarescatados.com.ar\/web\/wp-json\/wp\/v2\/media?parent=5147"}],"wp:term":[{"taxonomy":"category","embeddable":true,"href":"https:\/\/www.revistarescatados.com.ar\/web\/wp-json\/wp\/v2\/categories?post=5147"},{"taxonomy":"post_tag","embeddable":true,"href":"https:\/\/www.revistarescatados.com.ar\/web\/wp-json\/wp\/v2\/tags?post=5147"}],"curies":[{"name":"wp","href":"https:\/\/api.w.org\/{rel}","templated":true}]}}