{"id":5225,"date":"2019-06-05T23:48:34","date_gmt":"2019-06-06T02:48:34","guid":{"rendered":"http:\/\/www.revistarescatados.com.ar\/web\/?p=5225"},"modified":"2019-06-05T23:48:34","modified_gmt":"2019-06-06T02:48:34","slug":"couvert-el-que-gana-conduce-y-el-que-pierde-acompana","status":"publish","type":"post","link":"https:\/\/www.revistarescatados.com.ar\/web\/2019\/06\/05\/couvert-el-que-gana-conduce-y-el-que-pierde-acompana\/","title":{"rendered":"Couvert: \u201cEl que gana conduce y el que pierde acompa\u00f1a\u201d"},"content":{"rendered":"<p><img loading=\"lazy\" class=\"aligncenter size-full wp-image-5226\" src=\"http:\/\/www.revistarescatados.com.ar\/web\/wp-content\/uploads\/2019\/06\/Sosa-Couvert.jpg\" alt=\"\" width=\"960\" height=\"719\" srcset=\"https:\/\/www.revistarescatados.com.ar\/web\/wp-content\/uploads\/2019\/06\/Sosa-Couvert.jpg 960w, https:\/\/www.revistarescatados.com.ar\/web\/wp-content\/uploads\/2019\/06\/Sosa-Couvert-300x225.jpg 300w, https:\/\/www.revistarescatados.com.ar\/web\/wp-content\/uploads\/2019\/06\/Sosa-Couvert-768x575.jpg 768w\" sizes=\"(max-width: 960px) 100vw, 960px\" \/><\/p>\n<p><span style=\"color: #0000ff;\"><strong>As\u00ed se expres\u00f3 en redes sociales el ex precandidato a\u00a0 senador, Fabi\u00e1n Couvert,\u00a0 apoyando a los cuadros vencedores en la interna del Frente Juntos. &#8220;No se trata de diferencias, se trata de unir los puntos de vista diversos para lograr un Todo. Lograr una provincia y departamento mas inclusivo, igualitario, sin tantas asimetr\u00edas&#8221;, destac\u00f3.<\/strong><\/span><\/p>\n<p>&#8220;Vengo a cumplir la PALABRA empe\u00f1ada con Alicia Giansily como testigo. Hacer realidad el dicho \u201cel que gana conduce y el que pierde acompa\u00f1a\u201d. Los Peronistas tenemos, mas all\u00e1 de las diferencias, conducta, o deber\u00edamos tenerla, cada uno sabr\u00e1&#8221;, indic\u00f3 Couvert.<\/p>\n<p>&#8220;Desde mi humilde lugar de militante del espacio Encuentro por Santa Fe, y como lo dijera Maria Eugenia Bielsa, sin ser invasivos, hacemos campa\u00f1a y pedimos el Voto para Omar Perotti Gobernador, Leandro Busatto Diputado y Senador Osvaldo Sosa por Vera&#8221;.<\/p>\n<p>&#8220;M\u00e1s all\u00e1 de puntos de vista diversos, en mitad de la interna nos encontramos en Intiyaco con Osvaldo Sosa y nos comprometimos en apoyar al ganador. No se trata de diferencias, se trata de unir los puntos de vista diversos para lograr un Todo. Lograr una Provincia y Departamento mas inclusivo, igualitario, sin tantas asimetr\u00edas, suena casi ut\u00f3pico, pero que son los sue\u00f1os sino trabajamos para que se hagan realidad&#8221;, valor\u00f3.<\/p>\n<p>&#8220;Los j\u00f3venes quieren oportunidades, los peque\u00f1os productores\/emprendedores poder trabajar y que sean reconocidos, los jubilados vivir dignamente, los empleados p\u00fablicos trabajar y tener paritarias y sueldos dignos, los desocupados conseguir trabajo, las familias una vivienda digna, la poblaci\u00f3n en general contar con servicios accesibles, seguridad y ser felices, sino puedo so\u00f1ar y trabajar para eso&#8221;, destac\u00f3.<\/p>\n<p>&#8220;Mas all\u00e1 que la gran mayor\u00eda detesta la pol\u00edtica y los pol\u00edticos, les digo que no somos todos iguales, y que es una ciencia que permite lograr mucho, siempre y cuando los pol\u00edticos que ocupan cargos, trabajen para el bien com\u00fan, del partido que sean&#8221;, a\u00f1adi\u00f3.<\/p>\n<p>&#8220;Ac\u00e1 estoy, defendiendo Ideales y Convicciones, con matices, esos que me dicen que Omar Perotti debe ser gobernador, Leandro Busatto Diputado y Senador Osvaldo Sosa&#8221;,\u00a0 finaliz\u00f3.<\/p>\n","protected":false},"excerpt":{"rendered":"<p>As\u00ed se expres\u00f3 en redes sociales el ex precandidato a\u00a0 senador, Fabi\u00e1n Couvert,\u00a0 apoyando a los cuadros vencedores en la interna del Frente Juntos. &#8220;No se trata de diferencias, se trata de&#46;&#46;&#46;<\/p>\n","protected":false},"author":1,"featured_media":5226,"comment_status":"closed","ping_status":"open","sticky":false,"template":"","format":"standard","meta":[],"categories":[2,3,13],"tags":[],"_links":{"self":[{"href":"https:\/\/www.revistarescatados.com.ar\/web\/wp-json\/wp\/v2\/posts\/5225"}],"collection":[{"href":"https:\/\/www.revistarescatados.com.ar\/web\/wp-json\/wp\/v2\/posts"}],"about":[{"href":"https:\/\/www.revistarescatados.com.ar\/web\/wp-json\/wp\/v2\/types\/post"}],"author":[{"embeddable":true,"href":"https:\/\/www.revistarescatados.com.ar\/web\/wp-json\/wp\/v2\/users\/1"}],"replies":[{"embeddable":true,"href":"https:\/\/www.revistarescatados.com.ar\/web\/wp-json\/wp\/v2\/comments?post=5225"}],"version-history":[{"count":1,"href":"https:\/\/www.revistarescatados.com.ar\/web\/wp-json\/wp\/v2\/posts\/5225\/revisions"}],"predecessor-version":[{"id":5227,"href":"https:\/\/www.revistarescatados.com.ar\/web\/wp-json\/wp\/v2\/posts\/5225\/revisions\/5227"}],"wp:featuredmedia":[{"embeddable":true,"href":"https:\/\/www.revistarescatados.com.ar\/web\/wp-json\/wp\/v2\/media\/5226"}],"wp:attachment":[{"href":"https:\/\/www.revistarescatados.com.ar\/web\/wp-json\/wp\/v2\/media?parent=5225"}],"wp:term":[{"taxonomy":"category","embeddable":true,"href":"https:\/\/www.revistarescatados.com.ar\/web\/wp-json\/wp\/v2\/categories?post=5225"},{"taxonomy":"post_tag","embeddable":true,"href":"https:\/\/www.revistarescatados.com.ar\/web\/wp-json\/wp\/v2\/tags?post=5225"}],"curies":[{"name":"wp","href":"https:\/\/api.w.org\/{rel}","templated":true}]}}