{"id":527,"date":"2018-05-18T19:50:08","date_gmt":"2018-05-18T22:50:08","guid":{"rendered":"http:\/\/www.revistarescatados.com.ar\/web\/?p=527"},"modified":"2018-05-18T19:50:08","modified_gmt":"2018-05-18T22:50:08","slug":"exitosa-semana-de-la-miel-en-calchaqui","status":"publish","type":"post","link":"https:\/\/www.revistarescatados.com.ar\/web\/2018\/05\/18\/exitosa-semana-de-la-miel-en-calchaqui\/","title":{"rendered":"Exitosa semana de la miel en Calchaqu\u00ed"},"content":{"rendered":"<p><img loading=\"lazy\" class=\"aligncenter size-full wp-image-529\" src=\"http:\/\/www.revistarescatados.com.ar\/web\/wp-content\/uploads\/2018\/05\/semana-de-la-miel.jpg\" alt=\"\" width=\"800\" height=\"576\" srcset=\"https:\/\/www.revistarescatados.com.ar\/web\/wp-content\/uploads\/2018\/05\/semana-de-la-miel.jpg 800w, https:\/\/www.revistarescatados.com.ar\/web\/wp-content\/uploads\/2018\/05\/semana-de-la-miel-300x216.jpg 300w, https:\/\/www.revistarescatados.com.ar\/web\/wp-content\/uploads\/2018\/05\/semana-de-la-miel-768x553.jpg 768w\" sizes=\"(max-width: 800px) 100vw, 800px\" \/><\/p>\n<p><span style=\"color: #0000ff;\"><strong>La Secretaria de la Producci\u00f3n de Calchaqui y el Pro huerta AER INTA Calchaqui, organizaron actividades en el marco de la semana que promociona el consumo de la miel. Hubo charlas en las escuelas y un stand informativo en la plaza central.<\/strong><\/span><\/p>\n<p>En esta oportunidad, el apicultor Edgardo Luque brindo una charla a alumnos de la Escuela N\u00b0 448, destacando el entusiasmo de ni\u00f1os y docentes. Mientras que en la plaza 25 de mayo se prepar\u00f3 un stand con la promoci\u00f3n, degustaci\u00f3n y venta de mieles.<\/p>\n<p>La Campa\u00f1a Nacional \u201cSumale miel a tu vida\u201d tiene como objetivo fomentar el consumo de miel en la poblaci\u00f3n, que el producto forme parte de las compras habituales, y difundir los beneficios de la polinizaci\u00f3n para la mejora e incremento en la producci\u00f3n de cultivos y biodiversidad.<\/p>\n<p><img loading=\"lazy\" class=\"aligncenter size-full wp-image-528\" src=\"http:\/\/www.revistarescatados.com.ar\/web\/wp-content\/uploads\/2018\/05\/semana-de-la-miel-1.jpg\" alt=\"\" width=\"768\" height=\"512\" srcset=\"https:\/\/www.revistarescatados.com.ar\/web\/wp-content\/uploads\/2018\/05\/semana-de-la-miel-1.jpg 768w, https:\/\/www.revistarescatados.com.ar\/web\/wp-content\/uploads\/2018\/05\/semana-de-la-miel-1-300x200.jpg 300w\" sizes=\"(max-width: 768px) 100vw, 768px\" \/><\/p>\n<p>La Argentina cuenta con unas 2.500.000 colmenas y m\u00e1s de 20.000 productores, la producci\u00f3n ronda las 60.000 toneladas al a\u00f1o y seg\u00fan datos de la FAO (Organizaci\u00f3n Agr\u00edcola y de Alimentos de las Naciones Unidas) es el tercer productor de miel del mundo. Cerca del 95% se vende a otros pa\u00edses.<\/p>\n<p>\u201cEl consumo interno a\u00fan resulta bajo respecto al que exhiben grandes consumidores como Alemania, Estados Unidos y Jap\u00f3n, que superan ampliamente el kilogramo per c\u00e1pita, mientras que en nuestro pa\u00eds se observa una tendencia creciente pero lejos de esa cifra\u201d, explicaron desde el ministerio.<\/p>\n","protected":false},"excerpt":{"rendered":"<p>La Secretaria de la Producci\u00f3n de Calchaqui y el Pro huerta AER INTA Calchaqui, organizaron actividades en el marco de la semana que promociona el consumo de la miel. Hubo charlas en&#46;&#46;&#46;<\/p>\n","protected":false},"author":1,"featured_media":529,"comment_status":"closed","ping_status":"open","sticky":false,"template":"","format":"standard","meta":[],"categories":[2,3,16,10,8],"tags":[],"_links":{"self":[{"href":"https:\/\/www.revistarescatados.com.ar\/web\/wp-json\/wp\/v2\/posts\/527"}],"collection":[{"href":"https:\/\/www.revistarescatados.com.ar\/web\/wp-json\/wp\/v2\/posts"}],"about":[{"href":"https:\/\/www.revistarescatados.com.ar\/web\/wp-json\/wp\/v2\/types\/post"}],"author":[{"embeddable":true,"href":"https:\/\/www.revistarescatados.com.ar\/web\/wp-json\/wp\/v2\/users\/1"}],"replies":[{"embeddable":true,"href":"https:\/\/www.revistarescatados.com.ar\/web\/wp-json\/wp\/v2\/comments?post=527"}],"version-history":[{"count":1,"href":"https:\/\/www.revistarescatados.com.ar\/web\/wp-json\/wp\/v2\/posts\/527\/revisions"}],"predecessor-version":[{"id":530,"href":"https:\/\/www.revistarescatados.com.ar\/web\/wp-json\/wp\/v2\/posts\/527\/revisions\/530"}],"wp:featuredmedia":[{"embeddable":true,"href":"https:\/\/www.revistarescatados.com.ar\/web\/wp-json\/wp\/v2\/media\/529"}],"wp:attachment":[{"href":"https:\/\/www.revistarescatados.com.ar\/web\/wp-json\/wp\/v2\/media?parent=527"}],"wp:term":[{"taxonomy":"category","embeddable":true,"href":"https:\/\/www.revistarescatados.com.ar\/web\/wp-json\/wp\/v2\/categories?post=527"},{"taxonomy":"post_tag","embeddable":true,"href":"https:\/\/www.revistarescatados.com.ar\/web\/wp-json\/wp\/v2\/tags?post=527"}],"curies":[{"name":"wp","href":"https:\/\/api.w.org\/{rel}","templated":true}]}}