{"id":533,"date":"2018-05-22T00:05:53","date_gmt":"2018-05-22T03:05:53","guid":{"rendered":"http:\/\/www.revistarescatados.com.ar\/web\/?p=533"},"modified":"2018-05-22T00:05:53","modified_gmt":"2018-05-22T03:05:53","slug":"plan-del-norte-avanza-la-construccion-de-las-cinco-etapas-del-acueducto-reconquista","status":"publish","type":"post","link":"https:\/\/www.revistarescatados.com.ar\/web\/2018\/05\/22\/plan-del-norte-avanza-la-construccion-de-las-cinco-etapas-del-acueducto-reconquista\/","title":{"rendered":"Plan del Norte: avanza la construcci\u00f3n de las cinco etapas del acueducto Reconquista"},"content":{"rendered":"<p><img loading=\"lazy\" class=\"aligncenter size-full wp-image-534\" src=\"http:\/\/www.revistarescatados.com.ar\/web\/wp-content\/uploads\/2018\/05\/acueducto-reconquista.jpg\" alt=\"\" width=\"1920\" height=\"1080\" srcset=\"https:\/\/www.revistarescatados.com.ar\/web\/wp-content\/uploads\/2018\/05\/acueducto-reconquista.jpg 1920w, https:\/\/www.revistarescatados.com.ar\/web\/wp-content\/uploads\/2018\/05\/acueducto-reconquista-300x169.jpg 300w, https:\/\/www.revistarescatados.com.ar\/web\/wp-content\/uploads\/2018\/05\/acueducto-reconquista-768x432.jpg 768w, https:\/\/www.revistarescatados.com.ar\/web\/wp-content\/uploads\/2018\/05\/acueducto-reconquista-1024x576.jpg 1024w\" sizes=\"(max-width: 1920px) 100vw, 1920px\" \/><\/p>\n<p><strong><span style=\"color: #0000ff;\">Se estima que la obra comience funcionar en marzo de 2019. Cuenta con una inversi\u00f3n provincial e internacional que asciende a $ 3.468.502.233 y beneficiar\u00e1 a 170 mil santafesinos.\u00a0\u00a0\u00a0\u00a0\u00a0\u00a0<\/span>\u00a0\u00a0\u00a0\u00a0\u00a0\u00a0 <\/strong><\/p>\n<p>El secretario de Aguas y Saneamiento, Arnaldo Zapata, encabez\u00f3 este viernes una recorrida por el predio donde se construye la planta potabilizadora del acueducto Reconquista, con el fin de inspeccionar el avance de los trabajos y brindar detalles a medios de la regi\u00f3n.<\/p>\n<p>Zapata inform\u00f3 que &#8220;tenemos un buen porcentaje de avance en todas las etapas. Nos satisface tener este ritmo de ejecuci\u00f3n ya que sabemos que todos est\u00e1n esperando la culminaci\u00f3n de esta obra que va a mejorar la calidad de vida de 170 mil santafesinos residentes en 23 localidades de los departamentos General Obligado y Vera&#8221;.<\/p>\n<p>&#8220;La planta potabilizadora, que pertenece a la fase 2, actualmente posee un avance del 50% y aspiramos a que en marzo del a\u00f1o que viene ya la estemos probando para empezar a bombear agua limpia&#8221;, sostuvo.<\/p>\n<p>El secretario agreg\u00f3 que el restante 50% que falta ejecutar &#8220;tiene que ver con el equipamiento electromec\u00e1nico que va a ir en la parte de sedimentadores y filtros, que va a comenzar a instalarse en los pr\u00f3ximos d\u00edas.<\/p>\n<p>Adem\u00e1s subray\u00f3 que &#8220;la fase 2 es el n\u00facleo del acueducto, ya que aqu\u00ed se ubica todo el sistema de potabilizaci\u00f3n y los comandos que posibilitan el bombeo del agua limpia hacia los distintos ramales del acueducto&#8221;.<\/p>\n<p>En este sentido, detall\u00f3 que &#8220;estamos trabajando para que las distintas localidades que van a recibir el servicio tengan garantizada la infraestructura para la distribuci\u00f3n de agua a los domicilios, ya que la provincia est\u00e1 encargada de la producci\u00f3n y provisi\u00f3n de agua, pero los prestadores locales o las comunas tienen la responsabilidad de distribuir el agua en cada localidad&#8221;.<\/p>\n<p>&#8220;Por ello estamos convocando a una reuni\u00f3n informativa para el 31 de mayo con los gobiernos comunales y los prestadores para aclarar dudas y avanzar con los trabajos necesarios para que, en el momento en que el agua llegue a las localidades, no haya inconvenientes&#8221;.<\/p>\n<p><span style=\"color: #0000ff;\"><strong>AVANCES<\/strong><\/span><\/p>\n<p>El acueducto posee una inversi\u00f3n total que asciende a $ 3.468.502.233. Actualmente, se registran avances en las cinco etapas, que a su finalizaci\u00f3n beneficiar\u00e1n a localidades de los departamentos General Obligado y Vera.<\/p>\n<p>&gt;&gt;&gt; Etapa 1: ejecuci\u00f3n de la toma, acueducto de agua cruda y primer tramo acueducto agua tratada. Registra un avance del 75%<\/p>\n<p>&gt;&gt;&gt; Etapa 2: construcci\u00f3n de la planta potabilizadora. Registra un avance del 45%<\/p>\n<p>&gt;&gt;&gt; Etapa 3: correspondiente a los trabajos en zona n\u00facleo y ramal oeste (Fort\u00edn Olmos). Registra un avance del 44%<\/p>\n<p><strong>&gt;&gt;&gt; Etapa 4: ramal Sur 1 y Calchaqu\u00ed. Registra un avance del 60%<\/strong><\/p>\n<p>&gt;&gt;&gt; Etapa 5: ejecuci\u00f3n del ramal Sur 2 (Los Laureles) y Norte (Las Garzas). Registra un avance del 17%.<\/p>\n<p><span style=\"color: #0000ff;\"><strong>TOMA DE AGUA<\/strong><\/span><\/p>\n<p>Zapata aclar\u00f3 que la toma de agua del acueducto &#8220;se construye aguas arriba del arroyo El Rey, en base a estudios de escorrent\u00eda, lo cual posibilita una mejor calidad del l\u00edquido, ya que aguas arriba del arroyo no se detecta la presencia de efluentes arrastrados por la corriente y cualquier otro tipo de obst\u00e1culo o contaminante&#8221;.<\/p>\n","protected":false},"excerpt":{"rendered":"<p>Se estima que la obra comience funcionar en marzo de 2019. Cuenta con una inversi\u00f3n provincial e internacional que asciende a $ 3.468.502.233 y beneficiar\u00e1 a 170 mil santafesinos.\u00a0\u00a0\u00a0\u00a0\u00a0\u00a0\u00a0\u00a0\u00a0\u00a0\u00a0\u00a0 El secretario de&#46;&#46;&#46;<\/p>\n","protected":false},"author":1,"featured_media":534,"comment_status":"closed","ping_status":"open","sticky":false,"template":"","format":"standard","meta":[],"categories":[16,12,9],"tags":[],"_links":{"self":[{"href":"https:\/\/www.revistarescatados.com.ar\/web\/wp-json\/wp\/v2\/posts\/533"}],"collection":[{"href":"https:\/\/www.revistarescatados.com.ar\/web\/wp-json\/wp\/v2\/posts"}],"about":[{"href":"https:\/\/www.revistarescatados.com.ar\/web\/wp-json\/wp\/v2\/types\/post"}],"author":[{"embeddable":true,"href":"https:\/\/www.revistarescatados.com.ar\/web\/wp-json\/wp\/v2\/users\/1"}],"replies":[{"embeddable":true,"href":"https:\/\/www.revistarescatados.com.ar\/web\/wp-json\/wp\/v2\/comments?post=533"}],"version-history":[{"count":1,"href":"https:\/\/www.revistarescatados.com.ar\/web\/wp-json\/wp\/v2\/posts\/533\/revisions"}],"predecessor-version":[{"id":535,"href":"https:\/\/www.revistarescatados.com.ar\/web\/wp-json\/wp\/v2\/posts\/533\/revisions\/535"}],"wp:featuredmedia":[{"embeddable":true,"href":"https:\/\/www.revistarescatados.com.ar\/web\/wp-json\/wp\/v2\/media\/534"}],"wp:attachment":[{"href":"https:\/\/www.revistarescatados.com.ar\/web\/wp-json\/wp\/v2\/media?parent=533"}],"wp:term":[{"taxonomy":"category","embeddable":true,"href":"https:\/\/www.revistarescatados.com.ar\/web\/wp-json\/wp\/v2\/categories?post=533"},{"taxonomy":"post_tag","embeddable":true,"href":"https:\/\/www.revistarescatados.com.ar\/web\/wp-json\/wp\/v2\/tags?post=533"}],"curies":[{"name":"wp","href":"https:\/\/api.w.org\/{rel}","templated":true}]}}