{"id":5352,"date":"2019-06-13T23:29:31","date_gmt":"2019-06-14T02:29:31","guid":{"rendered":"http:\/\/www.revistarescatados.com.ar\/web\/?p=5352"},"modified":"2019-06-13T23:29:31","modified_gmt":"2019-06-14T02:29:31","slug":"juntos-por-calchaqui-cerro-su-campana-electoral-video","status":"publish","type":"post","link":"https:\/\/www.revistarescatados.com.ar\/web\/2019\/06\/13\/juntos-por-calchaqui-cerro-su-campana-electoral-video\/","title":{"rendered":"Juntos por Calchaqu\u00ed cerr\u00f3 su campa\u00f1a electoral (Video)"},"content":{"rendered":"<p><img loading=\"lazy\" class=\"aligncenter size-full wp-image-5353\" src=\"http:\/\/www.revistarescatados.com.ar\/web\/wp-content\/uploads\/2019\/06\/Juntos-x-Calchaqui.jpg\" alt=\"\" width=\"960\" height=\"540\" srcset=\"https:\/\/www.revistarescatados.com.ar\/web\/wp-content\/uploads\/2019\/06\/Juntos-x-Calchaqui.jpg 960w, https:\/\/www.revistarescatados.com.ar\/web\/wp-content\/uploads\/2019\/06\/Juntos-x-Calchaqui-300x169.jpg 300w, https:\/\/www.revistarescatados.com.ar\/web\/wp-content\/uploads\/2019\/06\/Juntos-x-Calchaqui-768x432.jpg 768w\" sizes=\"(max-width: 960px) 100vw, 960px\" \/><\/p>\n<p><span style=\"color: #0000ff;\"><strong>El espacio pol\u00edtico postula a Livio Beltramino a la intendencia y a Mirna Paul\u00f3n como concejal. &#8220;Hemos realizado juntos una campa\u00f1a limpia, llena de ideas, de propuestas, de renovaci\u00f3n y de esperanza&#8221;, afirmaron.<\/strong><\/span><\/p>\n<p><strong><span style=\"color: #0000ff;\">TEXTUAL<\/span><\/strong><\/p>\n<p>A d\u00edas de las elecciones a Intendente y Concejales, queremos compartirles que sentimos la satisfacci\u00f3n de haber tomado este tiempo de campa\u00f1a como tiene que ser: presentar propuestas y proyectos, hablar con los vecinos, visitar todos los barrios, detectar necesidades, mirar la ciudad y su gente; brindar una alternativa para que VOS puedas elegir con LIBERTAD\u2026<\/p>\n<p>Con nuestro Equipo hemos realizado juntos una campa\u00f1a limpia, llena de ideas, de propuestas, de renovaci\u00f3n y de esperanza.<\/p>\n<div id=\"fb-root\"><\/div>\n<p><script async=\"1\" defer=\"1\" crossorigin=\"anonymous\" src=\"https:\/\/connect.facebook.net\/en_US\/sdk.js#xfbml=1&amp;version=v3.3\"><\/script><\/p>\n<div class=\"fb-video\" data-href=\"https:\/\/www.facebook.com\/juntospor.calchaqui\/videos\/3050605781631395\/UzpfSTEwMDAwMDY5OTE5NDU0NjoyNTQ3Njc1NjI1MjY1NzE5\/?__tn__=%2CdC-R-R&amp;eid=ARDGecRju62wrORGma6PzxnDhO-JxA_6oSDeUZLcQy6szFFxGyCpyvSdeu9QlOTNYhdD0-UgpP4ozZfO&amp;hc_ref=ARThBXSoaQ5kHkvdzJew7_8y_7XDpKz9YW1CkGCO-OQGCYEEJpCDC2Klw1jv6z7DH50&amp;fref=nf\" data-width=\"500\">\n<blockquote cite=\"https:\/\/www.facebook.com\/juntospor.calchaqui\/videos\/3050605781631395\/\" class=\"fb-xfbml-parse-ignore\"><p><a href=\"https:\/\/www.facebook.com\/juntospor.calchaqui\/videos\/3050605781631395\/\"><\/a><\/p>\n<p>Este domingo Eleg\u00ed Juntos Por Calchaqui&#8230; Para cambiar la realidad de la ciudad! Livio Intendente y Mirna Concejal&#8230;<\/p>\n<p>Posted by <a href=\"https:\/\/www.facebook.com\/juntospor.calchaqui\">Juntos Por Calchaqui<\/a> on Thursday, June 13, 2019<\/p><\/blockquote>\n<\/div>\n<p>Una campa\u00f1a responsable y digna, donde se respete la voluntad de las personas y que tenga su fuerza en los ciudadanos.<\/p>\n<p>Una campa\u00f1a con proyecci\u00f3n a corto y largo plazo.<\/p>\n<p>Una campa\u00f1a pensada para todos: primero, los barrios y cada vecino.<\/p>\n<p>SEGUROS QUE LA \u00daNICA MANERA PARA QUE NUESTRA CIUDAD AVANCE ES ESCUCHAR A TODOS, UNIRNOS, LOGRAR CONSENSOS Y TRABAJAR JUNTOS.<\/p>\n<p>Somos un grupo que tiene como \u00fanica meta el BIEN COM\u00daN. An\u00edmate vos tambi\u00e9n a Construir la Ciudad Que Queremos. El domingo 16 vot\u00e1<br \/>\n#JuntosPorCalchaqu\u00ed<br \/>\n# Livio Beltramino Intendente<br \/>\n#Mirna Paul\u00f3nConcejal<\/p>\n","protected":false},"excerpt":{"rendered":"<p>El espacio pol\u00edtico postula a Livio Beltramino a la intendencia y a Mirna Paul\u00f3n como concejal. &#8220;Hemos realizado juntos una campa\u00f1a limpia, llena de ideas, de propuestas, de renovaci\u00f3n y de esperanza&#8221;,&#46;&#46;&#46;<\/p>\n","protected":false},"author":1,"featured_media":5353,"comment_status":"closed","ping_status":"open","sticky":false,"template":"","format":"standard","meta":[],"categories":[2,3,13],"tags":[],"_links":{"self":[{"href":"https:\/\/www.revistarescatados.com.ar\/web\/wp-json\/wp\/v2\/posts\/5352"}],"collection":[{"href":"https:\/\/www.revistarescatados.com.ar\/web\/wp-json\/wp\/v2\/posts"}],"about":[{"href":"https:\/\/www.revistarescatados.com.ar\/web\/wp-json\/wp\/v2\/types\/post"}],"author":[{"embeddable":true,"href":"https:\/\/www.revistarescatados.com.ar\/web\/wp-json\/wp\/v2\/users\/1"}],"replies":[{"embeddable":true,"href":"https:\/\/www.revistarescatados.com.ar\/web\/wp-json\/wp\/v2\/comments?post=5352"}],"version-history":[{"count":1,"href":"https:\/\/www.revistarescatados.com.ar\/web\/wp-json\/wp\/v2\/posts\/5352\/revisions"}],"predecessor-version":[{"id":5354,"href":"https:\/\/www.revistarescatados.com.ar\/web\/wp-json\/wp\/v2\/posts\/5352\/revisions\/5354"}],"wp:featuredmedia":[{"embeddable":true,"href":"https:\/\/www.revistarescatados.com.ar\/web\/wp-json\/wp\/v2\/media\/5353"}],"wp:attachment":[{"href":"https:\/\/www.revistarescatados.com.ar\/web\/wp-json\/wp\/v2\/media?parent=5352"}],"wp:term":[{"taxonomy":"category","embeddable":true,"href":"https:\/\/www.revistarescatados.com.ar\/web\/wp-json\/wp\/v2\/categories?post=5352"},{"taxonomy":"post_tag","embeddable":true,"href":"https:\/\/www.revistarescatados.com.ar\/web\/wp-json\/wp\/v2\/tags?post=5352"}],"curies":[{"name":"wp","href":"https:\/\/api.w.org\/{rel}","templated":true}]}}