{"id":5384,"date":"2019-06-17T00:46:58","date_gmt":"2019-06-17T03:46:58","guid":{"rendered":"http:\/\/www.revistarescatados.com.ar\/web\/?p=5384"},"modified":"2019-06-17T00:46:58","modified_gmt":"2019-06-17T03:46:58","slug":"omar-perotti-se-impuso-en-calchaqui","status":"publish","type":"post","link":"https:\/\/www.revistarescatados.com.ar\/web\/2019\/06\/17\/omar-perotti-se-impuso-en-calchaqui\/","title":{"rendered":"Omar Perotti se impuso en Calchaqu\u00ed"},"content":{"rendered":"<p><img loading=\"lazy\" class=\"aligncenter size-full wp-image-4279\" src=\"http:\/\/www.revistarescatados.com.ar\/web\/wp-content\/uploads\/2019\/03\/perotti.jpg\" alt=\"\" width=\"1382\" height=\"808\" srcset=\"https:\/\/www.revistarescatados.com.ar\/web\/wp-content\/uploads\/2019\/03\/perotti.jpg 1382w, https:\/\/www.revistarescatados.com.ar\/web\/wp-content\/uploads\/2019\/03\/perotti-300x175.jpg 300w, https:\/\/www.revistarescatados.com.ar\/web\/wp-content\/uploads\/2019\/03\/perotti-768x449.jpg 768w, https:\/\/www.revistarescatados.com.ar\/web\/wp-content\/uploads\/2019\/03\/perotti-1024x599.jpg 1024w\" sizes=\"(max-width: 1382px) 100vw, 1382px\" \/><\/p>\n<p><span style=\"color: #0000ff;\"><strong>Logr\u00f3 un total de 3570 votos, frente a los 1809 votos de Antonio Bonfatti. En la categor\u00eda diputados el m\u00e1s votado fue Miguel Lifchitz (2149 votos), seguido por Leandro Busatto (1435 votos) y Amalia Granata (1366).<\/strong><\/span><\/p>\n<p>De los 9.496 electores, vot\u00f3 un 75,04% en las 28 mesas habilitadas.<\/p>\n<table id=\"table\" class=\"table table-striped\" data-row-style=\"rowStyle\">\n<tbody>\n<tr class=\"fila-partido-th\">\n<th>\n<div class=\"th-inner \">Agrupaci\u00f3n\/Candidato<\/div>\n<div class=\"fht-cell\"><\/div>\n<\/th>\n<th>\n<div class=\"th-inner\"><\/div>\n<div class=\"fht-cell\"><\/div>\n<\/th>\n<th>\n<div class=\"th-inner\">Votos<\/div>\n<div class=\"fht-cell\"><\/div>\n<\/th>\n<th>\n<div class=\"th-inner\"><span id=\"paraTooltipsPorcentaje\" title=\"\" data-placement=\"left\" data-original-title=\"\">Porcentaje<\/span><\/div>\n<div class=\"fht-cell\"><\/div>\n<\/th>\n<\/tr>\n<tr class=\"active fila-partido table-mayuscula\" data-index=\"0\">\n<td><img loading=\"lazy\" src=\"https:\/\/elecciones.santafe.gov.ar\/imagenes\/22032019144314.jpg\" width=\"50\" height=\"50\" \/><img loading=\"lazy\" src=\"https:\/\/elecciones.santafe.gov.ar\/imagenes\/20190326102542_cand_13176_13476084.jpeg\" width=\"50\" height=\"50\" \/><\/td>\n<td>JUNTOS<br \/>\n<span class=\"nombreCandidatoGenerales\">PEROTTI OMAR ANGEL<\/span><\/td>\n<td class=\"number\">3.570<\/td>\n<td class=\"number\">51,84%<\/td>\n<\/tr>\n<tr class=\"fila-candidato-th\">\n<th>\n<div class=\"th-inner\"><\/div>\n<div class=\"fht-cell\"><\/div>\n<\/th>\n<th>\n<div class=\"th-inner\"><\/div>\n<div class=\"fht-cell\"><\/div>\n<\/th>\n<th>\n<div class=\"th-inner\"><\/div>\n<div class=\"fht-cell\"><\/div>\n<\/th>\n<th>\n<div class=\"th-inner\"><\/div>\n<div class=\"fht-cell\"><\/div>\n<\/th>\n<\/tr>\n<tr class=\"fila-partido-th\">\n<th>\n<div class=\"th-inner \">Agrupaci\u00f3n\/Candidato<\/div>\n<div class=\"fht-cell\"><\/div>\n<\/th>\n<th>\n<div class=\"th-inner\"><\/div>\n<div class=\"fht-cell\"><\/div>\n<\/th>\n<th>\n<div class=\"th-inner\">Votos<\/div>\n<div class=\"fht-cell\"><\/div>\n<\/th>\n<th>\n<div class=\"th-inner\"><span id=\"paraTooltipsPorcentaje\" title=\"\" data-placement=\"left\" data-original-title=\"\">Porcentaje<\/span><\/div>\n<div class=\"fht-cell\"><\/div>\n<\/th>\n<\/tr>\n<tr class=\"active fila-partido table-mayuscula\" data-index=\"1\">\n<td><img loading=\"lazy\" src=\"https:\/\/elecciones.santafe.gov.ar\/imagenes\/21032019163053.jpg\" width=\"50\" height=\"50\" \/><img loading=\"lazy\" src=\"https:\/\/elecciones.santafe.gov.ar\/imagenes\/cand_4175_8412852.jpeg\" width=\"50\" height=\"50\" \/><\/td>\n<td>FRENTE PROGRESISTA C\u00cdVICO Y SOCIAL<br \/>\n<span class=\"nombreCandidatoGenerales\">BONFATTI ANTONIO JUAN<\/span><\/td>\n<td class=\"number\">1.809<\/td>\n<td class=\"number\">26,27%<\/td>\n<\/tr>\n<tr class=\"fila-candidato-th\">\n<th>\n<div class=\"th-inner\"><\/div>\n<div class=\"fht-cell\"><\/div>\n<\/th>\n<th>\n<div class=\"th-inner\"><\/div>\n<div class=\"fht-cell\"><\/div>\n<\/th>\n<th>\n<div class=\"th-inner\"><\/div>\n<div class=\"fht-cell\"><\/div>\n<\/th>\n<th>\n<div class=\"th-inner\"><\/div>\n<div class=\"fht-cell\"><\/div>\n<\/th>\n<\/tr>\n<tr class=\"fila-partido-th\">\n<th>\n<div class=\"th-inner \">Agrupaci\u00f3n\/Candidato<\/div>\n<div class=\"fht-cell\"><\/div>\n<\/th>\n<th>\n<div class=\"th-inner\"><\/div>\n<div class=\"fht-cell\"><\/div>\n<\/th>\n<th>\n<div class=\"th-inner\">Votos<\/div>\n<div class=\"fht-cell\"><\/div>\n<\/th>\n<th>\n<div class=\"th-inner\"><span id=\"paraTooltipsPorcentaje\" title=\"\" data-placement=\"left\" data-original-title=\"\">Porcentaje<\/span><\/div>\n<div class=\"fht-cell\"><\/div>\n<\/th>\n<\/tr>\n<tr class=\"active fila-partido table-mayuscula\" data-index=\"2\">\n<td><img loading=\"lazy\" src=\"https:\/\/elecciones.santafe.gov.ar\/imagenes\/11052019121539.jpg\" width=\"50\" height=\"50\" \/><img loading=\"lazy\" src=\"https:\/\/elecciones.santafe.gov.ar\/imagenes\/20190511122812_cand_2_20403365.jpeg\" width=\"50\" height=\"50\" \/><\/td>\n<td>CAMBIEMOS<br \/>\n<span class=\"nombreCandidatoGenerales\">CORRAL JOSE MANUEL<\/span><\/td>\n<td class=\"number\">924<\/td>\n<td class=\"number\">13,42%<\/td>\n<\/tr>\n<\/tbody>\n<\/table>\n<p><span style=\"color: #0000ff;\"><strong>DIPUTADOS<\/strong><\/span><\/p>\n<table id=\"table\" class=\"table table-striped\" data-row-style=\"rowStyle\">\n<tbody>\n<tr class=\"fila-partido-th\">\n<th>\n<div class=\"th-inner \">Agrupaci\u00f3n\/Candidato<\/div>\n<div class=\"fht-cell\"><\/div>\n<\/th>\n<th>\n<div class=\"th-inner\"><\/div>\n<div class=\"fht-cell\"><\/div>\n<\/th>\n<th>\n<div class=\"th-inner\">Votos<\/div>\n<div class=\"fht-cell\"><\/div>\n<\/th>\n<th>\n<div class=\"th-inner\"><span id=\"paraTooltipsPorcentaje\" title=\"\" data-placement=\"left\" data-original-title=\"\">Porcentaje<\/span><\/div>\n<div class=\"fht-cell\"><\/div>\n<\/th>\n<\/tr>\n<tr class=\"active fila-partido table-mayuscula\" data-index=\"0\">\n<td><img loading=\"lazy\" src=\"https:\/\/elecciones.santafe.gov.ar\/imagenes\/21032019163053.jpg\" width=\"50\" height=\"50\" \/><img loading=\"lazy\" src=\"https:\/\/elecciones.santafe.gov.ar\/imagenes\/cand_4336_11752590.jpeg\" width=\"50\" height=\"50\" \/><\/td>\n<td>FRENTE PROGRESISTA C\u00cdVICO Y SOCIAL<br \/>\n<span class=\"nombreCandidatoGenerales\">LIFSCHITZ ROBERTO MIGUEL<\/span><\/td>\n<td class=\"number\">2.149<\/td>\n<td class=\"number\">31,66%<\/td>\n<\/tr>\n<tr class=\"fila-candidato-th\">\n<th>\n<div class=\"th-inner\"><\/div>\n<div class=\"fht-cell\"><\/div>\n<\/th>\n<th>\n<div class=\"th-inner\"><\/div>\n<div class=\"fht-cell\"><\/div>\n<\/th>\n<th>\n<div class=\"th-inner\"><\/div>\n<div class=\"fht-cell\"><\/div>\n<\/th>\n<th>\n<div class=\"th-inner\"><\/div>\n<div class=\"fht-cell\"><\/div>\n<\/th>\n<\/tr>\n<tr class=\"fila-partido-th\">\n<th>\n<div class=\"th-inner \">Agrupaci\u00f3n\/Candidato<\/div>\n<div class=\"fht-cell\"><\/div>\n<\/th>\n<th>\n<div class=\"th-inner\"><\/div>\n<div class=\"fht-cell\"><\/div>\n<\/th>\n<th>\n<div class=\"th-inner\">Votos<\/div>\n<div class=\"fht-cell\"><\/div>\n<\/th>\n<th>\n<div class=\"th-inner\"><span id=\"paraTooltipsPorcentaje\" title=\"\" data-placement=\"left\" data-original-title=\"\">Porcentaje<\/span><\/div>\n<div class=\"fht-cell\"><\/div>\n<\/th>\n<\/tr>\n<tr class=\"active fila-partido table-mayuscula\" data-index=\"1\">\n<td><img loading=\"lazy\" src=\"https:\/\/elecciones.santafe.gov.ar\/imagenes\/22032019144314.jpg\" width=\"50\" height=\"50\" \/><img loading=\"lazy\" src=\"https:\/\/elecciones.santafe.gov.ar\/imagenes\/20190326102942_cand_13296_27794096.jpeg\" width=\"50\" height=\"50\" \/><\/td>\n<td>JUNTOS<br \/>\n<span class=\"nombreCandidatoGenerales\">BUSATTO LEANDRO<\/span><\/td>\n<td class=\"number\">1.435<\/td>\n<td class=\"number\">21,14%<\/td>\n<\/tr>\n<tr class=\"fila-candidato-th\">\n<th>\n<div class=\"th-inner\"><\/div>\n<div class=\"fht-cell\"><\/div>\n<\/th>\n<th>\n<div class=\"th-inner\"><\/div>\n<div class=\"fht-cell\"><\/div>\n<\/th>\n<th>\n<div class=\"th-inner\"><\/div>\n<div class=\"fht-cell\"><\/div>\n<\/th>\n<th>\n<div class=\"th-inner\"><\/div>\n<div class=\"fht-cell\"><\/div>\n<\/th>\n<\/tr>\n<tr class=\"fila-partido-th\">\n<th>\n<div class=\"th-inner \">Agrupaci\u00f3n\/Candidato<\/div>\n<div class=\"fht-cell\"><\/div>\n<\/th>\n<th>\n<div class=\"th-inner\"><\/div>\n<div class=\"fht-cell\"><\/div>\n<\/th>\n<th>\n<div class=\"th-inner\">Votos<\/div>\n<div class=\"fht-cell\"><\/div>\n<\/th>\n<th>\n<div class=\"th-inner\"><span id=\"paraTooltipsPorcentaje\" title=\"\" data-placement=\"left\" data-original-title=\"\">Porcentaje<\/span><\/div>\n<div class=\"fht-cell\"><\/div>\n<\/th>\n<\/tr>\n<tr class=\"active fila-partido table-mayuscula\" data-index=\"2\">\n<td><img loading=\"lazy\" src=\"https:\/\/elecciones.santafe.gov.ar\/imagenes\/27032019071751.jpg\" width=\"50\" height=\"50\" \/><img loading=\"lazy\" src=\"https:\/\/elecciones.santafe.gov.ar\/imagenes\/cand_7540_28645509.jpeg\" width=\"50\" height=\"50\" \/><\/td>\n<td>UNITE POR LA FAMILIA Y LA VIDA<br \/>\n<span class=\"nombreCandidatoGenerales\">GRANATA AMALIA IRIS SABINA<\/span><\/td>\n<td class=\"number\">1.366<\/td>\n<td class=\"number\">20,13%<\/td>\n<\/tr>\n<tr class=\"fila-candidato-th\">\n<th>\n<div class=\"th-inner\"><\/div>\n<div class=\"fht-cell\"><\/div>\n<\/th>\n<th>\n<div class=\"th-inner\"><\/div>\n<div class=\"fht-cell\"><\/div>\n<\/th>\n<th>\n<div class=\"th-inner\"><\/div>\n<div class=\"fht-cell\"><\/div>\n<\/th>\n<th>\n<div class=\"th-inner\"><\/div>\n<div class=\"fht-cell\"><\/div>\n<\/th>\n<\/tr>\n<tr class=\"fila-partido-th\">\n<th>\n<div class=\"th-inner \">Agrupaci\u00f3n\/Candidato<\/div>\n<div class=\"fht-cell\"><\/div>\n<\/th>\n<th>\n<div class=\"th-inner\"><\/div>\n<div class=\"fht-cell\"><\/div>\n<\/th>\n<th>\n<div class=\"th-inner\">Votos<\/div>\n<div class=\"fht-cell\"><\/div>\n<\/th>\n<th>\n<div class=\"th-inner\"><span id=\"paraTooltipsPorcentaje\" title=\"\" data-placement=\"left\" data-original-title=\"\">Porcentaje<\/span><\/div>\n<div class=\"fht-cell\"><\/div>\n<\/th>\n<\/tr>\n<tr class=\"active fila-partido table-mayuscula\" data-index=\"3\">\n<td><img loading=\"lazy\" src=\"https:\/\/elecciones.santafe.gov.ar\/imagenes\/11052019121539.jpg\" width=\"50\" height=\"50\" \/><img loading=\"lazy\" src=\"https:\/\/elecciones.santafe.gov.ar\/imagenes\/20190514053936_cand_16_24902025.jpeg\" width=\"50\" height=\"50\" \/><\/td>\n<td>CAMBIEMOS<br \/>\n<span class=\"nombreCandidatoGenerales\">CHUMPITAZ FILIPONE GABRIEL FELIPE<\/span><\/td>\n<td class=\"number\">472<\/td>\n<td class=\"number\">6,95%<\/td>\n<\/tr>\n<tr class=\"fila-candidato-th\">\n<th>\n<div class=\"th-inner\"><\/div>\n<div class=\"fht-cell\"><\/div>\n<\/th>\n<th>\n<div class=\"th-inner\"><\/div>\n<div class=\"fht-cell\"><\/div>\n<\/th>\n<th>\n<div class=\"th-inner\"><\/div>\n<div class=\"fht-cell\"><\/div>\n<\/th>\n<th>\n<div class=\"th-inner\"><\/div>\n<div class=\"fht-cell\"><\/div>\n<\/th>\n<\/tr>\n<tr class=\"fila-partido-th\">\n<th>\n<div class=\"th-inner \">Agrupaci\u00f3n\/Candidato<\/div>\n<div class=\"fht-cell\"><\/div>\n<\/th>\n<th>\n<div class=\"th-inner\"><\/div>\n<div class=\"fht-cell\"><\/div>\n<\/th>\n<th>\n<div class=\"th-inner\">Votos<\/div>\n<div class=\"fht-cell\"><\/div>\n<\/th>\n<th>\n<div class=\"th-inner\"><span id=\"paraTooltipsPorcentaje\" title=\"\" data-placement=\"left\" data-original-title=\"\">Porcentaje<\/span><\/div>\n<div class=\"fht-cell\"><\/div>\n<\/th>\n<\/tr>\n<tr class=\"active fila-partido table-mayuscula\" data-index=\"4\">\n<td><img loading=\"lazy\" src=\"https:\/\/elecciones.santafe.gov.ar\/imagenes\/11052019110533.jpg\" width=\"50\" height=\"50\" \/><img loading=\"lazy\" src=\"https:\/\/elecciones.santafe.gov.ar\/imagenes\/20190514052850_cand_8_11753943.jpeg\" width=\"50\" height=\"50\" \/><\/td>\n<td>IGUALDAD Y PARTICIPACION<br \/>\n<span class=\"nombreCandidatoGenerales\">GIUSTINIANI RUBEN HECTOR<\/span><\/td>\n<td class=\"number\">227<\/td>\n<td class=\"number\">3,34%<\/td>\n<\/tr>\n<tr class=\"fila-candidato-th\">\n<th>\n<div class=\"th-inner\"><\/div>\n<div class=\"fht-cell\"><\/div>\n<\/th>\n<th>\n<div class=\"th-inner\"><\/div>\n<div class=\"fht-cell\"><\/div>\n<\/th>\n<th>\n<div class=\"th-inner\"><\/div>\n<div class=\"fht-cell\"><\/div>\n<\/th>\n<th>\n<div class=\"th-inner\"><\/div>\n<div class=\"fht-cell\"><\/div>\n<\/th>\n<\/tr>\n<tr class=\"fila-partido-th\">\n<th>\n<div class=\"th-inner \">Agrupaci\u00f3n\/Candidato<\/div>\n<div class=\"fht-cell\"><\/div>\n<\/th>\n<th>\n<div class=\"th-inner\"><\/div>\n<div class=\"fht-cell\"><\/div>\n<\/th>\n<th>\n<div class=\"th-inner\">Votos<\/div>\n<div class=\"fht-cell\"><\/div>\n<\/th>\n<th>\n<div class=\"th-inner\"><span id=\"paraTooltipsPorcentaje\" title=\"\" data-placement=\"left\" data-original-title=\"\">Porcentaje<\/span><\/div>\n<div class=\"fht-cell\"><\/div>\n<\/th>\n<\/tr>\n<tr class=\"active fila-partido table-mayuscula\" data-index=\"5\">\n<td><img loading=\"lazy\" src=\"https:\/\/elecciones.santafe.gov.ar\/imagenes\/21032019162114.jpg\" width=\"50\" height=\"50\" \/><img loading=\"lazy\" src=\"https:\/\/elecciones.santafe.gov.ar\/imagenes\/20190515112154_cand_14_14729802.jpeg\" width=\"50\" height=\"50\" \/><\/td>\n<td>FRENTE SOCIAL Y POPULAR<br \/>\n<span class=\"nombreCandidatoGenerales\">DEL FRADE CARLOS ALFREDO<\/span><\/td>\n<td class=\"number\">143<\/td>\n<td class=\"number\">2,11%<\/td>\n<\/tr>\n<\/tbody>\n<\/table>\n","protected":false},"excerpt":{"rendered":"<p>Logr\u00f3 un total de 3570 votos, frente a los 1809 votos de Antonio Bonfatti. En la categor\u00eda diputados el m\u00e1s votado fue Miguel Lifchitz (2149 votos), seguido por Leandro Busatto (1435 votos)&#46;&#46;&#46;<\/p>\n","protected":false},"author":1,"featured_media":4279,"comment_status":"closed","ping_status":"open","sticky":false,"template":"","format":"standard","meta":[],"categories":[2,3,13],"tags":[],"_links":{"self":[{"href":"https:\/\/www.revistarescatados.com.ar\/web\/wp-json\/wp\/v2\/posts\/5384"}],"collection":[{"href":"https:\/\/www.revistarescatados.com.ar\/web\/wp-json\/wp\/v2\/posts"}],"about":[{"href":"https:\/\/www.revistarescatados.com.ar\/web\/wp-json\/wp\/v2\/types\/post"}],"author":[{"embeddable":true,"href":"https:\/\/www.revistarescatados.com.ar\/web\/wp-json\/wp\/v2\/users\/1"}],"replies":[{"embeddable":true,"href":"https:\/\/www.revistarescatados.com.ar\/web\/wp-json\/wp\/v2\/comments?post=5384"}],"version-history":[{"count":1,"href":"https:\/\/www.revistarescatados.com.ar\/web\/wp-json\/wp\/v2\/posts\/5384\/revisions"}],"predecessor-version":[{"id":5385,"href":"https:\/\/www.revistarescatados.com.ar\/web\/wp-json\/wp\/v2\/posts\/5384\/revisions\/5385"}],"wp:featuredmedia":[{"embeddable":true,"href":"https:\/\/www.revistarescatados.com.ar\/web\/wp-json\/wp\/v2\/media\/4279"}],"wp:attachment":[{"href":"https:\/\/www.revistarescatados.com.ar\/web\/wp-json\/wp\/v2\/media?parent=5384"}],"wp:term":[{"taxonomy":"category","embeddable":true,"href":"https:\/\/www.revistarescatados.com.ar\/web\/wp-json\/wp\/v2\/categories?post=5384"},{"taxonomy":"post_tag","embeddable":true,"href":"https:\/\/www.revistarescatados.com.ar\/web\/wp-json\/wp\/v2\/tags?post=5384"}],"curies":[{"name":"wp","href":"https:\/\/api.w.org\/{rel}","templated":true}]}}