{"id":5545,"date":"2019-06-28T22:53:57","date_gmt":"2019-06-29T01:53:57","guid":{"rendered":"http:\/\/www.revistarescatados.com.ar\/web\/?p=5545"},"modified":"2019-06-28T22:53:57","modified_gmt":"2019-06-29T01:53:57","slug":"bruno-amione-es-pretendido-por-varios-clubes-italianos","status":"publish","type":"post","link":"https:\/\/www.revistarescatados.com.ar\/web\/2019\/06\/28\/bruno-amione-es-pretendido-por-varios-clubes-italianos\/","title":{"rendered":"Bruno Amione es pretendido por varios clubes italianos"},"content":{"rendered":"<p><img loading=\"lazy\" class=\"aligncenter size-full wp-image-5546\" src=\"http:\/\/www.revistarescatados.com.ar\/web\/wp-content\/uploads\/2019\/06\/Bruno-Amione.jpg\" alt=\"\" width=\"990\" height=\"557\" srcset=\"https:\/\/www.revistarescatados.com.ar\/web\/wp-content\/uploads\/2019\/06\/Bruno-Amione.jpg 990w, https:\/\/www.revistarescatados.com.ar\/web\/wp-content\/uploads\/2019\/06\/Bruno-Amione-300x169.jpg 300w, https:\/\/www.revistarescatados.com.ar\/web\/wp-content\/uploads\/2019\/06\/Bruno-Amione-768x432.jpg 768w\" sizes=\"(max-width: 990px) 100vw, 990px\" \/><\/p>\n<p><span style=\"color: #0000ff;\"><strong>Seg\u00fan medios europeos, el Genoa &#8211; junto con el Inter de Mil\u00e1n &#8211; estar\u00eda dispuesto a desembolsar 5 millones de euros por el jugador oriundo de Calchaqu\u00ed, que permanecer\u00e1 en la \u201cB\u201d hasta que cumpla 18 a\u00f1os, en enero de 2020.<\/strong><\/span><\/p>\n<p>En Belgrano aseguran que a\u00fan no ingres\u00f3 ninguna oferta convincente por Bruno Amione, el defensor de 17 a\u00f1os que el mundo del f\u00fatbol observa con atenci\u00f3n por sus enormes condiciones. Admitieron los dirigentes que, hace un tiempo, hubo un ofrecimiento que estaba lejos de lo pretendido. Pero, adem\u00e1s, en Alberdi insisten en que las \u00faltimas ventas har\u00edan innecesario desprenderse ahora de un futbolista que todav\u00eda no debut\u00f3 en el primer equipo celeste.<\/p>\n<p>Sin embargo, en Italia el nombre del defensor oriundo de Calchaqu\u00ed, Santa Fe, est\u00e1 en las principales publicaciones deportivas, que aseguran una pronta llegada al Genoa gracias a un acuerdo entre esa instituci\u00f3n y el Inter de Mil\u00e1n.<\/p>\n<p>El Corriere dello Sport public\u00f3 que \u201cGenoa sigue poniendo el foco en el campeonato argentino: junto con el Inter, tiene enderezado el acuerdo para sumar al defensor Bruno Amione, de Belgrano\u201d. Se afirma que \u201cel costo de la operaci\u00f3n es de alrededor de cinco millones (de euros)\u201d y que el jugador permanecer\u00e1 en la \u201cB\u201d hasta que cumpla 18 a\u00f1os, en enero de 2020.<\/p>\n<p>La sinergia entre Genoa e Inter ya ocurri\u00f3 en el pase de Pedro de la Vega, surgido en Lan\u00fas. La operaci\u00f3n por 10 millones de euros se cerr\u00f3 gracias a que Inter aport\u00f3 capital a cambio de tener la prioridad de compra del volante de 18 a\u00f1os. Igual ocurrir\u00eda con Amione.<\/p>\n<p>Genoa termin\u00f3 la \u00faltima temporada italiana 17\u00b0 al borde del descenso. Es el club donde se destac\u00f3 Cristian Romero, quien estar\u00eda cerca de pasar a Juventus en una operaci\u00f3n que reportar\u00eda otro buen ingreso de dinero a Belgrano, que tiene un 10% de la ficha y recibir\u00e1 ese porcentaje del total de una futura transferencia, descontados los dos millones de d\u00f3lares que Genoa pag\u00f3 cuando compr\u00f3 el 90% restante.<\/p>\n<p><em><strong>Fuente: Mundo Deportivo La Voz<\/strong><\/em><\/p>\n","protected":false},"excerpt":{"rendered":"<p>Seg\u00fan medios europeos, el Genoa &#8211; junto con el Inter de Mil\u00e1n &#8211; estar\u00eda dispuesto a desembolsar 5 millones de euros por el jugador oriundo de Calchaqu\u00ed, que permanecer\u00e1 en la \u201cB\u201d&#46;&#46;&#46;<\/p>\n","protected":false},"author":1,"featured_media":5546,"comment_status":"closed","ping_status":"open","sticky":false,"template":"","format":"standard","meta":[],"categories":[2,3,17],"tags":[],"_links":{"self":[{"href":"https:\/\/www.revistarescatados.com.ar\/web\/wp-json\/wp\/v2\/posts\/5545"}],"collection":[{"href":"https:\/\/www.revistarescatados.com.ar\/web\/wp-json\/wp\/v2\/posts"}],"about":[{"href":"https:\/\/www.revistarescatados.com.ar\/web\/wp-json\/wp\/v2\/types\/post"}],"author":[{"embeddable":true,"href":"https:\/\/www.revistarescatados.com.ar\/web\/wp-json\/wp\/v2\/users\/1"}],"replies":[{"embeddable":true,"href":"https:\/\/www.revistarescatados.com.ar\/web\/wp-json\/wp\/v2\/comments?post=5545"}],"version-history":[{"count":1,"href":"https:\/\/www.revistarescatados.com.ar\/web\/wp-json\/wp\/v2\/posts\/5545\/revisions"}],"predecessor-version":[{"id":5547,"href":"https:\/\/www.revistarescatados.com.ar\/web\/wp-json\/wp\/v2\/posts\/5545\/revisions\/5547"}],"wp:featuredmedia":[{"embeddable":true,"href":"https:\/\/www.revistarescatados.com.ar\/web\/wp-json\/wp\/v2\/media\/5546"}],"wp:attachment":[{"href":"https:\/\/www.revistarescatados.com.ar\/web\/wp-json\/wp\/v2\/media?parent=5545"}],"wp:term":[{"taxonomy":"category","embeddable":true,"href":"https:\/\/www.revistarescatados.com.ar\/web\/wp-json\/wp\/v2\/categories?post=5545"},{"taxonomy":"post_tag","embeddable":true,"href":"https:\/\/www.revistarescatados.com.ar\/web\/wp-json\/wp\/v2\/tags?post=5545"}],"curies":[{"name":"wp","href":"https:\/\/api.w.org\/{rel}","templated":true}]}}