{"id":5614,"date":"2019-07-06T00:05:58","date_gmt":"2019-07-06T03:05:58","guid":{"rendered":"http:\/\/www.revistarescatados.com.ar\/web\/?p=5614"},"modified":"2019-07-06T00:05:58","modified_gmt":"2019-07-06T03:05:58","slug":"pdi-detuvo-en-reconquista-a-una-persona-que-estafaba-mediante-ventas-falsas-por-facebook","status":"publish","type":"post","link":"https:\/\/www.revistarescatados.com.ar\/web\/2019\/07\/06\/pdi-detuvo-en-reconquista-a-una-persona-que-estafaba-mediante-ventas-falsas-por-facebook\/","title":{"rendered":"PDI detuvo en Reconquista a una persona que estafaba mediante ventas falsas por Facebook"},"content":{"rendered":"<p><img loading=\"lazy\" class=\"aligncenter size-full wp-image-5615\" src=\"http:\/\/www.revistarescatados.com.ar\/web\/wp-content\/uploads\/2019\/07\/PDI-Reconquista.jpeg\" alt=\"\" width=\"960\" height=\"1280\" srcset=\"https:\/\/www.revistarescatados.com.ar\/web\/wp-content\/uploads\/2019\/07\/PDI-Reconquista.jpeg 960w, https:\/\/www.revistarescatados.com.ar\/web\/wp-content\/uploads\/2019\/07\/PDI-Reconquista-225x300.jpeg 225w, https:\/\/www.revistarescatados.com.ar\/web\/wp-content\/uploads\/2019\/07\/PDI-Reconquista-768x1024.jpeg 768w\" sizes=\"(max-width: 960px) 100vw, 960px\" \/><\/p>\n<p><span style=\"color: #0000ff;\"><strong>En la jornada de este viernes, personal policial dependiente del Departamento Operativo de Investigaciones Regi\u00f3n \u201cI\u201d de la Polic\u00eda de Investigaciones (P.D.I) detuvo a un joven de 21 a\u00f1os, en la ciudad de Reconquista, por estafas reiteradas.<\/strong><\/span><\/p>\n<p>Luego de tareas investigativas, los efectivos policiales detectaron que los enga\u00f1os estaban relacionados a la venta de entradas al recital de Ricardo Arjona y a la venta de perros, raza Bulldog Franc\u00e9s. La modalidad era a trav\u00e9s de la red social Facebook, bajo los perfiles \u201ccriaderoredford\u201d y \u201cGraciela Yanina del Zotto\u201d.<\/p>\n<p>El personal policial logr\u00f3 la detenci\u00f3n de B.E.V de 21 a\u00f1os, qui\u00e9n recib\u00eda el pago de las v\u00edctimas en un departamento de la zona c\u00e9ntrica de nuestra ciudad, con la promesa de entregar lo solicitado d\u00edas posteriores.<\/p>\n<p>De este modo alertamos a la sociedad que quien sufri\u00f3 un hecho de estas caracter\u00edsticas, bajo los perfiles anteriormente mencionados, se haga presente en la sede de PDI de calle San Jer\u00f3nimo 3219.<\/p>\n","protected":false},"excerpt":{"rendered":"<p>En la jornada de este viernes, personal policial dependiente del Departamento Operativo de Investigaciones Regi\u00f3n \u201cI\u201d de la Polic\u00eda de Investigaciones (P.D.I) detuvo a un joven de 21 a\u00f1os, en la ciudad&#46;&#46;&#46;<\/p>\n","protected":false},"author":1,"featured_media":5615,"comment_status":"closed","ping_status":"open","sticky":false,"template":"","format":"standard","meta":[],"categories":[6,11],"tags":[],"_links":{"self":[{"href":"https:\/\/www.revistarescatados.com.ar\/web\/wp-json\/wp\/v2\/posts\/5614"}],"collection":[{"href":"https:\/\/www.revistarescatados.com.ar\/web\/wp-json\/wp\/v2\/posts"}],"about":[{"href":"https:\/\/www.revistarescatados.com.ar\/web\/wp-json\/wp\/v2\/types\/post"}],"author":[{"embeddable":true,"href":"https:\/\/www.revistarescatados.com.ar\/web\/wp-json\/wp\/v2\/users\/1"}],"replies":[{"embeddable":true,"href":"https:\/\/www.revistarescatados.com.ar\/web\/wp-json\/wp\/v2\/comments?post=5614"}],"version-history":[{"count":1,"href":"https:\/\/www.revistarescatados.com.ar\/web\/wp-json\/wp\/v2\/posts\/5614\/revisions"}],"predecessor-version":[{"id":5616,"href":"https:\/\/www.revistarescatados.com.ar\/web\/wp-json\/wp\/v2\/posts\/5614\/revisions\/5616"}],"wp:featuredmedia":[{"embeddable":true,"href":"https:\/\/www.revistarescatados.com.ar\/web\/wp-json\/wp\/v2\/media\/5615"}],"wp:attachment":[{"href":"https:\/\/www.revistarescatados.com.ar\/web\/wp-json\/wp\/v2\/media?parent=5614"}],"wp:term":[{"taxonomy":"category","embeddable":true,"href":"https:\/\/www.revistarescatados.com.ar\/web\/wp-json\/wp\/v2\/categories?post=5614"},{"taxonomy":"post_tag","embeddable":true,"href":"https:\/\/www.revistarescatados.com.ar\/web\/wp-json\/wp\/v2\/tags?post=5614"}],"curies":[{"name":"wp","href":"https:\/\/api.w.org\/{rel}","templated":true}]}}