{"id":5630,"date":"2019-07-08T15:57:20","date_gmt":"2019-07-08T18:57:20","guid":{"rendered":"http:\/\/www.revistarescatados.com.ar\/web\/?p=5630"},"modified":"2019-07-08T15:57:20","modified_gmt":"2019-07-08T18:57:20","slug":"presentaron-salidas-turisticas-grupales-en-vera-y-calchaqui","status":"publish","type":"post","link":"https:\/\/www.revistarescatados.com.ar\/web\/2019\/07\/08\/presentaron-salidas-turisticas-grupales-en-vera-y-calchaqui\/","title":{"rendered":"Presentaron salidas tur\u00edsticas grupales en Vera y Calchaqu\u00ed"},"content":{"rendered":"<p><img loading=\"lazy\" class=\"aligncenter size-full wp-image-5632\" src=\"http:\/\/www.revistarescatados.com.ar\/web\/wp-content\/uploads\/2019\/07\/calchaqui-4.jpg\" alt=\"\" width=\"973\" height=\"660\" srcset=\"https:\/\/www.revistarescatados.com.ar\/web\/wp-content\/uploads\/2019\/07\/calchaqui-4.jpg 973w, https:\/\/www.revistarescatados.com.ar\/web\/wp-content\/uploads\/2019\/07\/calchaqui-4-300x203.jpg 300w, https:\/\/www.revistarescatados.com.ar\/web\/wp-content\/uploads\/2019\/07\/calchaqui-4-768x521.jpg 768w\" sizes=\"(max-width: 973px) 100vw, 973px\" \/><\/p>\n<p><span style=\"color: #0000ff;\"><strong>Turismo Mutual Belgrano present\u00f3 en sendos encuentros las salidas venideras. Las reuniones se realizaron en el Hotel Monte Regina (Vera) y en el Auditorio de la Filial Calchaqu\u00ed de Mutual Belgrano. <\/strong><\/span><\/p>\n<p>En la oportunidad se presentaron las tradicionales Salidas Grupales, tanto nacionales como internacionales de nuestro Departamento de Turismo. En este caso el Operador mayorista fue Juan Toselli y corresponden las salidas de la Temporada 2019\/2020.<\/p>\n<p>Desde la Instituci\u00f3n agradecemos la compa\u00f1\u00eda de los asistentes, como as\u00ed tambi\u00e9n la confianza de nuestros viajeros para con Turismo Mutual Belgrano.<\/p>\n<p><strong><span style=\"color: #0000ff;\">SALIDA GRUPAL A CUBA<\/span><\/strong><\/p>\n<p>Otra propuesta grupal de Turismo Mutual Belgrano. En esta oportunidad el destino es Cuba, con salida el 13 de noviembre desde Rosario y para disfrutar de 11 noches y los mejores lugares. M\u00e1s informaci\u00f3n o consultas por su financiaci\u00f3n con el Departamento de Turismo o en nuestras Filiales.<\/p>\n<p><img loading=\"lazy\" class=\"aligncenter size-full wp-image-5631\" src=\"http:\/\/www.revistarescatados.com.ar\/web\/wp-content\/uploads\/2019\/07\/Cuba_grupal.jpg\" alt=\"\" width=\"707\" height=\"1024\" srcset=\"https:\/\/www.revistarescatados.com.ar\/web\/wp-content\/uploads\/2019\/07\/Cuba_grupal.jpg 707w, https:\/\/www.revistarescatados.com.ar\/web\/wp-content\/uploads\/2019\/07\/Cuba_grupal-207x300.jpg 207w\" sizes=\"(max-width: 707px) 100vw, 707px\" \/><\/p>\n","protected":false},"excerpt":{"rendered":"<p>Turismo Mutual Belgrano present\u00f3 en sendos encuentros las salidas venideras. Las reuniones se realizaron en el Hotel Monte Regina (Vera) y en el Auditorio de la Filial Calchaqu\u00ed de Mutual Belgrano. En&#46;&#46;&#46;<\/p>\n","protected":false},"author":1,"featured_media":5632,"comment_status":"closed","ping_status":"open","sticky":false,"template":"","format":"standard","meta":[],"categories":[2,3,10,8],"tags":[],"_links":{"self":[{"href":"https:\/\/www.revistarescatados.com.ar\/web\/wp-json\/wp\/v2\/posts\/5630"}],"collection":[{"href":"https:\/\/www.revistarescatados.com.ar\/web\/wp-json\/wp\/v2\/posts"}],"about":[{"href":"https:\/\/www.revistarescatados.com.ar\/web\/wp-json\/wp\/v2\/types\/post"}],"author":[{"embeddable":true,"href":"https:\/\/www.revistarescatados.com.ar\/web\/wp-json\/wp\/v2\/users\/1"}],"replies":[{"embeddable":true,"href":"https:\/\/www.revistarescatados.com.ar\/web\/wp-json\/wp\/v2\/comments?post=5630"}],"version-history":[{"count":1,"href":"https:\/\/www.revistarescatados.com.ar\/web\/wp-json\/wp\/v2\/posts\/5630\/revisions"}],"predecessor-version":[{"id":5633,"href":"https:\/\/www.revistarescatados.com.ar\/web\/wp-json\/wp\/v2\/posts\/5630\/revisions\/5633"}],"wp:featuredmedia":[{"embeddable":true,"href":"https:\/\/www.revistarescatados.com.ar\/web\/wp-json\/wp\/v2\/media\/5632"}],"wp:attachment":[{"href":"https:\/\/www.revistarescatados.com.ar\/web\/wp-json\/wp\/v2\/media?parent=5630"}],"wp:term":[{"taxonomy":"category","embeddable":true,"href":"https:\/\/www.revistarescatados.com.ar\/web\/wp-json\/wp\/v2\/categories?post=5630"},{"taxonomy":"post_tag","embeddable":true,"href":"https:\/\/www.revistarescatados.com.ar\/web\/wp-json\/wp\/v2\/tags?post=5630"}],"curies":[{"name":"wp","href":"https:\/\/api.w.org\/{rel}","templated":true}]}}