{"id":5654,"date":"2019-07-12T21:49:17","date_gmt":"2019-07-13T00:49:17","guid":{"rendered":"http:\/\/www.revistarescatados.com.ar\/web\/?p=5654"},"modified":"2019-07-12T21:49:17","modified_gmt":"2019-07-13T00:49:17","slug":"a-partir-de-este-domingo-regira-una-nueva-tarifa-con-un-23-de-aumento-en-el-transporte-interurbano","status":"publish","type":"post","link":"https:\/\/www.revistarescatados.com.ar\/web\/2019\/07\/12\/a-partir-de-este-domingo-regira-una-nueva-tarifa-con-un-23-de-aumento-en-el-transporte-interurbano\/","title":{"rendered":"A partir de este domingo regir\u00e1 una nueva tarifa con un 23% de aumento en el transporte interurbano"},"content":{"rendered":"<p><img loading=\"lazy\" class=\"aligncenter size-full wp-image-1649\" src=\"http:\/\/www.revistarescatados.com.ar\/web\/wp-content\/uploads\/2018\/08\/colectivo-el-norte.jpg\" alt=\"\" width=\"960\" height=\"637\" srcset=\"https:\/\/www.revistarescatados.com.ar\/web\/wp-content\/uploads\/2018\/08\/colectivo-el-norte.jpg 960w, https:\/\/www.revistarescatados.com.ar\/web\/wp-content\/uploads\/2018\/08\/colectivo-el-norte-300x199.jpg 300w, https:\/\/www.revistarescatados.com.ar\/web\/wp-content\/uploads\/2018\/08\/colectivo-el-norte-768x510.jpg 768w\" sizes=\"(max-width: 960px) 100vw, 960px\" \/><br \/>\n<span style=\"color: #0000ff;\"><strong>El Ministerio de Infraestructura y Transporte comunica que a partir de la hora cero del d\u00eda 14 de julio, a trav\u00e9s del decreto N\u00b0: 1722\/19 , comenzar\u00e1 a regir en la provincia el nuevo cuadro tarifario con un incremento del 23%, para los servicios de autotransporte de pasajeros sujetos al r\u00e9gimen de las leyes N\u00b0 2.449 y N\u00b0 2.499. <\/strong><\/span><\/p>\n<p>La secretar\u00eda de Transporte cuenta con un sistema para el an\u00e1lisis de costos desarrollado por la Universidad Tecnol\u00f3gica Nacional, la Consultora Ejecutiva Nacional de Transporte (CENT) y el Grupo de Estudio sobre Transporte (Getrans), el cual determina la estructura de los costos y permite establecer una base racional para la toma de decisiones en lo que hace a la fijaci\u00f3n de tarifas de transporte de pasajeros.<\/p>\n<p>Mediante dicho monitoreo, se determin\u00f3 el incremento de precio de los insumos, combustibles, repuestos y, especialmente, a la recomposici\u00f3n salarial de los trabajadores. Por ende, con esta decisi\u00f3n se pretende lograr un equilibrio econ\u00f3mico que permita prestar el Servicio de Transporte en forma sustentable.<\/p>\n","protected":false},"excerpt":{"rendered":"<p>El Ministerio de Infraestructura y Transporte comunica que a partir de la hora cero del d\u00eda 14 de julio, a trav\u00e9s del decreto N\u00b0: 1722\/19 , comenzar\u00e1 a regir en la provincia&#46;&#46;&#46;<\/p>\n","protected":false},"author":1,"featured_media":1649,"comment_status":"closed","ping_status":"open","sticky":false,"template":"","format":"standard","meta":[],"categories":[16,12,8],"tags":[],"_links":{"self":[{"href":"https:\/\/www.revistarescatados.com.ar\/web\/wp-json\/wp\/v2\/posts\/5654"}],"collection":[{"href":"https:\/\/www.revistarescatados.com.ar\/web\/wp-json\/wp\/v2\/posts"}],"about":[{"href":"https:\/\/www.revistarescatados.com.ar\/web\/wp-json\/wp\/v2\/types\/post"}],"author":[{"embeddable":true,"href":"https:\/\/www.revistarescatados.com.ar\/web\/wp-json\/wp\/v2\/users\/1"}],"replies":[{"embeddable":true,"href":"https:\/\/www.revistarescatados.com.ar\/web\/wp-json\/wp\/v2\/comments?post=5654"}],"version-history":[{"count":1,"href":"https:\/\/www.revistarescatados.com.ar\/web\/wp-json\/wp\/v2\/posts\/5654\/revisions"}],"predecessor-version":[{"id":5655,"href":"https:\/\/www.revistarescatados.com.ar\/web\/wp-json\/wp\/v2\/posts\/5654\/revisions\/5655"}],"wp:featuredmedia":[{"embeddable":true,"href":"https:\/\/www.revistarescatados.com.ar\/web\/wp-json\/wp\/v2\/media\/1649"}],"wp:attachment":[{"href":"https:\/\/www.revistarescatados.com.ar\/web\/wp-json\/wp\/v2\/media?parent=5654"}],"wp:term":[{"taxonomy":"category","embeddable":true,"href":"https:\/\/www.revistarescatados.com.ar\/web\/wp-json\/wp\/v2\/categories?post=5654"},{"taxonomy":"post_tag","embeddable":true,"href":"https:\/\/www.revistarescatados.com.ar\/web\/wp-json\/wp\/v2\/tags?post=5654"}],"curies":[{"name":"wp","href":"https:\/\/api.w.org\/{rel}","templated":true}]}}