{"id":5675,"date":"2019-07-17T13:04:01","date_gmt":"2019-07-17T16:04:01","guid":{"rendered":"http:\/\/www.revistarescatados.com.ar\/web\/?p=5675"},"modified":"2019-07-17T13:04:01","modified_gmt":"2019-07-17T16:04:01","slug":"siete-jovenes-de-calchaqui-se-preparan-para-el-mundo-laboral","status":"publish","type":"post","link":"https:\/\/www.revistarescatados.com.ar\/web\/2019\/07\/17\/siete-jovenes-de-calchaqui-se-preparan-para-el-mundo-laboral\/","title":{"rendered":"Siete j\u00f3venes de Calchaqu\u00ed se preparan para el mundo laboral"},"content":{"rendered":"<p><img loading=\"lazy\" class=\"aligncenter size-full wp-image-5676\" src=\"http:\/\/www.revistarescatados.com.ar\/web\/wp-content\/uploads\/2019\/07\/Entrenamiento-labral.jpg\" alt=\"\" width=\"960\" height=\"639\" srcset=\"https:\/\/www.revistarescatados.com.ar\/web\/wp-content\/uploads\/2019\/07\/Entrenamiento-labral.jpg 960w, https:\/\/www.revistarescatados.com.ar\/web\/wp-content\/uploads\/2019\/07\/Entrenamiento-labral-300x200.jpg 300w, https:\/\/www.revistarescatados.com.ar\/web\/wp-content\/uploads\/2019\/07\/Entrenamiento-labral-768x511.jpg 768w\" sizes=\"(max-width: 960px) 100vw, 960px\" \/><\/p>\n<p><span style=\"color: #0000ff;\"><strong>Contin\u00faan las Acciones de Entrenamiento para el Trabajo, impulsadas por la Oficina de Empleo Municipal. Los j\u00f3venes aprenden con empresarios locales que est\u00e1n dispuestos a dedicar su tiempo para capacitarlos.<\/strong><\/span><\/p>\n<p>Algunos de los entrenamientos laborales son:<\/p>\n<p>?Luciano en Maconfer.<\/p>\n<p>?Ayel\u00e9n en Casa Penna.<\/p>\n<p>?Jos\u00e9 en el Taller Mec\u00e1nico de Juan Centuri\u00f3n.<\/p>\n<p>?Benjam\u00edn en el supermercado de Mauricio Tamburini.<\/p>\n<p>?Abigail en Brillos Sal\u00f3n Unisex.<\/p>\n<p>?Mariano en Donati Mercato.<\/p>\n<p>?Magal\u00ed en Casa Festa (finalizado)<\/p>\n<p>Desde el municipio felicitaron a los aprendices y destacaron que \u201ccada vez son m\u00e1s las empresas que se suman para darles la valiosa oportunidad a los j\u00f3venes de obtener esta experiencia\u201d.<\/p>\n<p><img loading=\"lazy\" class=\"aligncenter size-full wp-image-5678\" src=\"http:\/\/www.revistarescatados.com.ar\/web\/wp-content\/uploads\/2019\/07\/Entrenamiento-laboral-2.jpg\" alt=\"\" width=\"960\" height=\"639\" srcset=\"https:\/\/www.revistarescatados.com.ar\/web\/wp-content\/uploads\/2019\/07\/Entrenamiento-laboral-2.jpg 960w, https:\/\/www.revistarescatados.com.ar\/web\/wp-content\/uploads\/2019\/07\/Entrenamiento-laboral-2-300x200.jpg 300w, https:\/\/www.revistarescatados.com.ar\/web\/wp-content\/uploads\/2019\/07\/Entrenamiento-laboral-2-768x511.jpg 768w\" sizes=\"(max-width: 960px) 100vw, 960px\" \/><\/p>\n<p><span style=\"color: #0000ff;\"><strong>BENEFICIOS:<\/strong><\/span><\/p>\n<ul>\n<li>Los trabajadores reciben una ayuda mensual por parte del MTEySS o en forma conjunta con la organizaci\u00f3n encargada de la pr\u00e1ctica.<\/li>\n<\/ul>\n<p>&nbsp;<\/p>\n<ul>\n<li>Las empresas pueden seleccionar y formar a sus potenciales trabajadores seg\u00fan sus propios requerimientos, incluy\u00e9ndolos en procesos educativos y brind\u00e1ndoles el acompa\u00f1amiento de un tutor.<\/li>\n<\/ul>\n<p>&nbsp;<\/p>\n<ul>\n<li>En el caso de las instituciones sin fines de lucro, cuentan con asistencia econ\u00f3mica por persona y por proyecto para la adquisici\u00f3n de los insumos y las herramientas necesarias para el desarrollo de las actividades, la compra de ropa de trabajo para los participantes o la implementaci\u00f3n de las actividades de capacitaci\u00f3n. Adem\u00e1s, podr\u00e1n ser asistidas econ\u00f3micamente para el desarrollo de actividades de tutor\u00eda.<\/li>\n<\/ul>\n<p><img loading=\"lazy\" class=\"aligncenter size-full wp-image-5680\" src=\"http:\/\/www.revistarescatados.com.ar\/web\/wp-content\/uploads\/2019\/07\/Entrenamiento-laboral-4.jpg\" alt=\"\" width=\"960\" height=\"639\" srcset=\"https:\/\/www.revistarescatados.com.ar\/web\/wp-content\/uploads\/2019\/07\/Entrenamiento-laboral-4.jpg 960w, https:\/\/www.revistarescatados.com.ar\/web\/wp-content\/uploads\/2019\/07\/Entrenamiento-laboral-4-300x200.jpg 300w, https:\/\/www.revistarescatados.com.ar\/web\/wp-content\/uploads\/2019\/07\/Entrenamiento-laboral-4-768x511.jpg 768w\" sizes=\"(max-width: 960px) 100vw, 960px\" \/><\/p>\n<p><span style=\"color: #0000ff;\"><strong>Pueden Participar<\/strong><\/span><\/p>\n<ul>\n<li>Trabajadores desocupados incluidos en el programa J\u00f3venes con M\u00e1s y Mejor Trabajo, en el seguro de Capacitaci\u00f3n y Empleo, en PROGRESAR, en el programa de Prestaciones por Desempleo, en PROMOVER y egresados de cursos de Formaci\u00f3n Profesional.<\/li>\n<\/ul>\n<p>&nbsp;<\/p>\n<ul>\n<li>Empresas, unidades productivas incluidas en el Programa de Trabajo Autogestionado y unidades econ\u00f3micas participantes de la L\u00ednea de Desarrollo de Entramados Productivos.<\/li>\n<\/ul>\n<p>&nbsp;<\/p>\n<ul>\n<li>Empresas e instituciones sin fines de lucro.<\/li>\n<\/ul>\n<p><img loading=\"lazy\" class=\"aligncenter size-full wp-image-5682\" src=\"http:\/\/www.revistarescatados.com.ar\/web\/wp-content\/uploads\/2019\/07\/Entrenamiento-laboral-6.jpg\" alt=\"\" width=\"960\" height=\"639\" srcset=\"https:\/\/www.revistarescatados.com.ar\/web\/wp-content\/uploads\/2019\/07\/Entrenamiento-laboral-6.jpg 960w, https:\/\/www.revistarescatados.com.ar\/web\/wp-content\/uploads\/2019\/07\/Entrenamiento-laboral-6-300x200.jpg 300w, https:\/\/www.revistarescatados.com.ar\/web\/wp-content\/uploads\/2019\/07\/Entrenamiento-laboral-6-768x511.jpg 768w\" sizes=\"(max-width: 960px) 100vw, 960px\" \/> <img loading=\"lazy\" class=\"aligncenter size-full wp-image-5681\" src=\"http:\/\/www.revistarescatados.com.ar\/web\/wp-content\/uploads\/2019\/07\/Entrenamiento-laboral-5.jpg\" alt=\"\" width=\"960\" height=\"639\" srcset=\"https:\/\/www.revistarescatados.com.ar\/web\/wp-content\/uploads\/2019\/07\/Entrenamiento-laboral-5.jpg 960w, https:\/\/www.revistarescatados.com.ar\/web\/wp-content\/uploads\/2019\/07\/Entrenamiento-laboral-5-300x200.jpg 300w, https:\/\/www.revistarescatados.com.ar\/web\/wp-content\/uploads\/2019\/07\/Entrenamiento-laboral-5-768x511.jpg 768w\" sizes=\"(max-width: 960px) 100vw, 960px\" \/> <img loading=\"lazy\" class=\"aligncenter size-full wp-image-5679\" src=\"http:\/\/www.revistarescatados.com.ar\/web\/wp-content\/uploads\/2019\/07\/Entrenamiento-laboral-3.jpg\" alt=\"\" width=\"960\" height=\"639\" srcset=\"https:\/\/www.revistarescatados.com.ar\/web\/wp-content\/uploads\/2019\/07\/Entrenamiento-laboral-3.jpg 960w, https:\/\/www.revistarescatados.com.ar\/web\/wp-content\/uploads\/2019\/07\/Entrenamiento-laboral-3-300x200.jpg 300w, https:\/\/www.revistarescatados.com.ar\/web\/wp-content\/uploads\/2019\/07\/Entrenamiento-laboral-3-768x511.jpg 768w\" sizes=\"(max-width: 960px) 100vw, 960px\" \/> <img loading=\"lazy\" class=\"aligncenter size-full wp-image-5677\" src=\"http:\/\/www.revistarescatados.com.ar\/web\/wp-content\/uploads\/2019\/07\/Entrenamiento-laboral-1.jpg\" alt=\"\" width=\"960\" height=\"639\" srcset=\"https:\/\/www.revistarescatados.com.ar\/web\/wp-content\/uploads\/2019\/07\/Entrenamiento-laboral-1.jpg 960w, https:\/\/www.revistarescatados.com.ar\/web\/wp-content\/uploads\/2019\/07\/Entrenamiento-laboral-1-300x200.jpg 300w, https:\/\/www.revistarescatados.com.ar\/web\/wp-content\/uploads\/2019\/07\/Entrenamiento-laboral-1-768x511.jpg 768w\" sizes=\"(max-width: 960px) 100vw, 960px\" \/><\/p>\n","protected":false},"excerpt":{"rendered":"<p>Contin\u00faan las Acciones de Entrenamiento para el Trabajo, impulsadas por la Oficina de Empleo Municipal. Los j\u00f3venes aprenden con empresarios locales que est\u00e1n dispuestos a dedicar su tiempo para capacitarlos. Algunos de&#46;&#46;&#46;<\/p>\n","protected":false},"author":1,"featured_media":5676,"comment_status":"closed","ping_status":"open","sticky":false,"template":"","format":"standard","meta":[],"categories":[2,3,16,10,8],"tags":[],"_links":{"self":[{"href":"https:\/\/www.revistarescatados.com.ar\/web\/wp-json\/wp\/v2\/posts\/5675"}],"collection":[{"href":"https:\/\/www.revistarescatados.com.ar\/web\/wp-json\/wp\/v2\/posts"}],"about":[{"href":"https:\/\/www.revistarescatados.com.ar\/web\/wp-json\/wp\/v2\/types\/post"}],"author":[{"embeddable":true,"href":"https:\/\/www.revistarescatados.com.ar\/web\/wp-json\/wp\/v2\/users\/1"}],"replies":[{"embeddable":true,"href":"https:\/\/www.revistarescatados.com.ar\/web\/wp-json\/wp\/v2\/comments?post=5675"}],"version-history":[{"count":1,"href":"https:\/\/www.revistarescatados.com.ar\/web\/wp-json\/wp\/v2\/posts\/5675\/revisions"}],"predecessor-version":[{"id":5683,"href":"https:\/\/www.revistarescatados.com.ar\/web\/wp-json\/wp\/v2\/posts\/5675\/revisions\/5683"}],"wp:featuredmedia":[{"embeddable":true,"href":"https:\/\/www.revistarescatados.com.ar\/web\/wp-json\/wp\/v2\/media\/5676"}],"wp:attachment":[{"href":"https:\/\/www.revistarescatados.com.ar\/web\/wp-json\/wp\/v2\/media?parent=5675"}],"wp:term":[{"taxonomy":"category","embeddable":true,"href":"https:\/\/www.revistarescatados.com.ar\/web\/wp-json\/wp\/v2\/categories?post=5675"},{"taxonomy":"post_tag","embeddable":true,"href":"https:\/\/www.revistarescatados.com.ar\/web\/wp-json\/wp\/v2\/tags?post=5675"}],"curies":[{"name":"wp","href":"https:\/\/api.w.org\/{rel}","templated":true}]}}