{"id":5684,"date":"2019-07-17T13:07:32","date_gmt":"2019-07-17T16:07:32","guid":{"rendered":"http:\/\/www.revistarescatados.com.ar\/web\/?p=5684"},"modified":"2019-07-17T13:07:32","modified_gmt":"2019-07-17T16:07:32","slug":"se-inicia-el-periodo-de-transicion-para-las-comunas-de-los-tabanos-y-campo-hardy","status":"publish","type":"post","link":"https:\/\/www.revistarescatados.com.ar\/web\/2019\/07\/17\/se-inicia-el-periodo-de-transicion-para-las-comunas-de-los-tabanos-y-campo-hardy\/","title":{"rendered":"Se inicia el per\u00edodo de transici\u00f3n para las comunas de Los T\u00e1banos y Campo Hardy"},"content":{"rendered":"<p><img loading=\"lazy\" class=\"aligncenter size-full wp-image-5685\" src=\"http:\/\/www.revistarescatados.com.ar\/web\/wp-content\/uploads\/2019\/07\/Reuni\u00f3n-1.jpg\" alt=\"\" width=\"1280\" height=\"535\" srcset=\"https:\/\/www.revistarescatados.com.ar\/web\/wp-content\/uploads\/2019\/07\/Reuni\u00f3n-1.jpg 1280w, https:\/\/www.revistarescatados.com.ar\/web\/wp-content\/uploads\/2019\/07\/Reuni\u00f3n-1-300x125.jpg 300w, https:\/\/www.revistarescatados.com.ar\/web\/wp-content\/uploads\/2019\/07\/Reuni\u00f3n-1-768x321.jpg 768w, https:\/\/www.revistarescatados.com.ar\/web\/wp-content\/uploads\/2019\/07\/Reuni\u00f3n-1-1024x428.jpg 1024w\" sizes=\"(max-width: 1280px) 100vw, 1280px\" \/><\/p>\n<p><span style=\"color: #0000ff;\"><strong>Autoridades provinciales mantuvieron un encuentro con los presidentes comunales electos en las \u00faltimas elecciones. Ser\u00e1n nombrados como comisionados normalizadores hasta su asunci\u00f3n el 10 de diciembre.<\/strong><\/span><\/p>\n<p>\u201cDespu\u00e9s de la creaci\u00f3n de las comunas, y en este per\u00edodo hasta que se eligieron las autoridades comunales, desde la Provincia y el Plan del Norte ven\u00edamos viendo detalles y trabajando para llegar al 10 de diciembre, con las autoridades electas y la comuna en funcionamiento\u201d, comenz\u00f3 diciendo Sergio Rojas.<\/p>\n<p>El coordinador del Plan del Norte defini\u00f3 que \u201cpor eso es importante esta reuni\u00f3n que se desarroll\u00f3 hoy martes, de la cual participaron el ministro de Gobierno y Reforma de Estado, Pablo Far\u00edas; el secretario y el subsecretario de Regiones, Municipios y Comunas, Carlos Torres y Pablo Pinotti\u2019 y el secretario de Hacienda, Bablo Gorb\u00e1n; adem\u00e1s de los presidentes comunales electos, \u00c1ngel Nefle de Los T\u00e1banos y Manuel Stechina de Campo Hardy\u201d.<\/p>\n<p>El funcionario explic\u00f3 que \u201cdialogamos acerca de cuestiones generales y tambi\u00e9n espec\u00edficas, centr\u00e1ndonos en los pasos que se deben dar hasta el 10 de diciembre cuando asuman las comisiones comunales\u201d.<\/p>\n<p>\u201cSe pondr\u00e1 en funciones a ambos presidentes de comuna electos como comisionados normalizadores para iniciar las cuestiones administrativas y de gesti\u00f3n. En los pr\u00f3ximos d\u00edas ya habr\u00e1 nuevas novedades para seguir avanzando en el camino hacia su asunci\u00f3n en el \u00faltimo mes del a\u00f1o\u201d, concluy\u00f3 Rojas.<\/p>\n","protected":false},"excerpt":{"rendered":"<p>Autoridades provinciales mantuvieron un encuentro con los presidentes comunales electos en las \u00faltimas elecciones. Ser\u00e1n nombrados como comisionados normalizadores hasta su asunci\u00f3n el 10 de diciembre. \u201cDespu\u00e9s de la creaci\u00f3n de las&#46;&#46;&#46;<\/p>\n","protected":false},"author":1,"featured_media":5685,"comment_status":"closed","ping_status":"open","sticky":false,"template":"","format":"standard","meta":[],"categories":[6,3,14],"tags":[],"_links":{"self":[{"href":"https:\/\/www.revistarescatados.com.ar\/web\/wp-json\/wp\/v2\/posts\/5684"}],"collection":[{"href":"https:\/\/www.revistarescatados.com.ar\/web\/wp-json\/wp\/v2\/posts"}],"about":[{"href":"https:\/\/www.revistarescatados.com.ar\/web\/wp-json\/wp\/v2\/types\/post"}],"author":[{"embeddable":true,"href":"https:\/\/www.revistarescatados.com.ar\/web\/wp-json\/wp\/v2\/users\/1"}],"replies":[{"embeddable":true,"href":"https:\/\/www.revistarescatados.com.ar\/web\/wp-json\/wp\/v2\/comments?post=5684"}],"version-history":[{"count":1,"href":"https:\/\/www.revistarescatados.com.ar\/web\/wp-json\/wp\/v2\/posts\/5684\/revisions"}],"predecessor-version":[{"id":5686,"href":"https:\/\/www.revistarescatados.com.ar\/web\/wp-json\/wp\/v2\/posts\/5684\/revisions\/5686"}],"wp:featuredmedia":[{"embeddable":true,"href":"https:\/\/www.revistarescatados.com.ar\/web\/wp-json\/wp\/v2\/media\/5685"}],"wp:attachment":[{"href":"https:\/\/www.revistarescatados.com.ar\/web\/wp-json\/wp\/v2\/media?parent=5684"}],"wp:term":[{"taxonomy":"category","embeddable":true,"href":"https:\/\/www.revistarescatados.com.ar\/web\/wp-json\/wp\/v2\/categories?post=5684"},{"taxonomy":"post_tag","embeddable":true,"href":"https:\/\/www.revistarescatados.com.ar\/web\/wp-json\/wp\/v2\/tags?post=5684"}],"curies":[{"name":"wp","href":"https:\/\/api.w.org\/{rel}","templated":true}]}}