{"id":5805,"date":"2019-07-25T21:15:31","date_gmt":"2019-07-26T00:15:31","guid":{"rendered":"http:\/\/www.revistarescatados.com.ar\/web\/?p=5805"},"modified":"2019-07-25T21:15:31","modified_gmt":"2019-07-26T00:15:31","slug":"reunion-de-la-comision-tecnica-de-la-paritaria-central-del-sector-publico","status":"publish","type":"post","link":"https:\/\/www.revistarescatados.com.ar\/web\/2019\/07\/25\/reunion-de-la-comision-tecnica-de-la-paritaria-central-del-sector-publico\/","title":{"rendered":"Reuni\u00f3n de la Comisi\u00f3n T\u00e9cnica de la Paritaria Central del Sector P\u00fablico"},"content":{"rendered":"<p><img loading=\"lazy\" class=\"aligncenter size-full wp-image-4792\" src=\"http:\/\/www.revistarescatados.com.ar\/web\/wp-content\/uploads\/2019\/04\/ATE.jpg\" alt=\"\" width=\"640\" height=\"360\" srcset=\"https:\/\/www.revistarescatados.com.ar\/web\/wp-content\/uploads\/2019\/04\/ATE.jpg 640w, https:\/\/www.revistarescatados.com.ar\/web\/wp-content\/uploads\/2019\/04\/ATE-300x169.jpg 300w\" sizes=\"(max-width: 640px) 100vw, 640px\" \/><br \/>\n<span style=\"color: #0000ff;\"><strong>Se trat\u00f3 la situaci\u00f3n de trabajadores\/as contratados y subrogantes. Se fij\u00f3 la fecha de un nuevo encuentro para el 8 de agosto para avanzar con estas situaciones.<\/strong><\/span><\/p>\n<p>Este mi\u00e9rcoles 24 de julio se realiz\u00f3 una reuni\u00f3n de la Comisi\u00f3n T\u00e9cnica dependiente de la Paritaria Central del Sector P\u00fablico de la que participaron representantes de la Asociaci\u00f3n Trabajadores del Estado -ATE- Santa Fe, Marcelo Delfor, Sergio Tirelli y Patricia Rudel, y UPCN. Y por el Poder Ejecutivo el secretario de Recursos Humanos y Funci\u00f3n P\u00fablica, Federico Crisales, y funcionarios del \u00e1rea.<\/p>\n<p>En el encuentro se abord\u00f3 la situaci\u00f3n de los trabajadores y trabajadoras contratadas. ATE puso de manifiesto la necesidad de que se d\u00e9 una respuesta a la situaci\u00f3n irregular que afecta a numerosos compa\u00f1eros y compa\u00f1eras que cumplen similares tareas a las del personal de planta permanente.<\/p>\n<p>En ese marco, el Poder Ejecutivo manifest\u00f3 los condicionamientos que impone la Ley de Responsabilidad Fiscal y se comprometi\u00f3 a disponer de toda la informaci\u00f3n disponible de los trabajadores y trabajadoras contratadas fij\u00e1ndose una nueva reuni\u00f3n para el jueves 8 de agosto, donde se avanzar\u00e1 tambi\u00e9n sobre otras situaciones pendientes de resolver como la de la confirmaci\u00f3n de trabajadores Subrogantes comprometida en acuerdos paritarios anteriores.<\/p>\n<p>Al finalizar la reuni\u00f3n, Marcelo Delfor destac\u00f3 la importancia del ordenamiento laboral que implica el Pase a Planta Permanente de los trabajadores\/as de las distintas \u00e1reas y sectores del Estado que con su trabajo han sostenido y sostienen la falta de personal producida a lo largo de esta gesti\u00f3n de Gobierno, tanto por el fuerte impacto jubilatorio en la provincia como as\u00ed tambi\u00e9n por la creaci\u00f3n de nuevos servicios.<\/p>\n<p>Adem\u00e1s, manifest\u00f3 su optimismo para que las exigencias gremiales sean resueltas favorablemente, de lo contrario no s\u00f3lo se dar\u00eda continuidad a un conflicto sino que el propio Estado se ver\u00eda imposibilitado de brindar con regularidad sus servicios.<\/p>\n","protected":false},"excerpt":{"rendered":"<p>Se trat\u00f3 la situaci\u00f3n de trabajadores\/as contratados y subrogantes. Se fij\u00f3 la fecha de un nuevo encuentro para el 8 de agosto para avanzar con estas situaciones. Este mi\u00e9rcoles 24 de julio&#46;&#46;&#46;<\/p>\n","protected":false},"author":1,"featured_media":4792,"comment_status":"closed","ping_status":"open","sticky":false,"template":"","format":"standard","meta":[],"categories":[10,12,8],"tags":[],"_links":{"self":[{"href":"https:\/\/www.revistarescatados.com.ar\/web\/wp-json\/wp\/v2\/posts\/5805"}],"collection":[{"href":"https:\/\/www.revistarescatados.com.ar\/web\/wp-json\/wp\/v2\/posts"}],"about":[{"href":"https:\/\/www.revistarescatados.com.ar\/web\/wp-json\/wp\/v2\/types\/post"}],"author":[{"embeddable":true,"href":"https:\/\/www.revistarescatados.com.ar\/web\/wp-json\/wp\/v2\/users\/1"}],"replies":[{"embeddable":true,"href":"https:\/\/www.revistarescatados.com.ar\/web\/wp-json\/wp\/v2\/comments?post=5805"}],"version-history":[{"count":1,"href":"https:\/\/www.revistarescatados.com.ar\/web\/wp-json\/wp\/v2\/posts\/5805\/revisions"}],"predecessor-version":[{"id":5806,"href":"https:\/\/www.revistarescatados.com.ar\/web\/wp-json\/wp\/v2\/posts\/5805\/revisions\/5806"}],"wp:featuredmedia":[{"embeddable":true,"href":"https:\/\/www.revistarescatados.com.ar\/web\/wp-json\/wp\/v2\/media\/4792"}],"wp:attachment":[{"href":"https:\/\/www.revistarescatados.com.ar\/web\/wp-json\/wp\/v2\/media?parent=5805"}],"wp:term":[{"taxonomy":"category","embeddable":true,"href":"https:\/\/www.revistarescatados.com.ar\/web\/wp-json\/wp\/v2\/categories?post=5805"},{"taxonomy":"post_tag","embeddable":true,"href":"https:\/\/www.revistarescatados.com.ar\/web\/wp-json\/wp\/v2\/tags?post=5805"}],"curies":[{"name":"wp","href":"https:\/\/api.w.org\/{rel}","templated":true}]}}