{"id":5823,"date":"2019-07-27T00:57:34","date_gmt":"2019-07-27T03:57:34","guid":{"rendered":"http:\/\/www.revistarescatados.com.ar\/web\/?p=5823"},"modified":"2019-07-27T00:57:34","modified_gmt":"2019-07-27T03:57:34","slug":"hoy-es-el-dia-internacional-del-perro-callejero","status":"publish","type":"post","link":"https:\/\/www.revistarescatados.com.ar\/web\/2019\/07\/27\/hoy-es-el-dia-internacional-del-perro-callejero\/","title":{"rendered":"Hoy es el D\u00eda internacional del perro callejero"},"content":{"rendered":"<p><img loading=\"lazy\" class=\"aligncenter size-full wp-image-5824\" src=\"http:\/\/www.revistarescatados.com.ar\/web\/wp-content\/uploads\/2019\/07\/perro-callejero-1.jpg\" alt=\"\" width=\"700\" height=\"818\" srcset=\"https:\/\/www.revistarescatados.com.ar\/web\/wp-content\/uploads\/2019\/07\/perro-callejero-1.jpg 700w, https:\/\/www.revistarescatados.com.ar\/web\/wp-content\/uploads\/2019\/07\/perro-callejero-1-257x300.jpg 257w\" sizes=\"(max-width: 700px) 100vw, 700px\" \/><br \/>\n<span style=\"color: #0000ff;\"><strong>Este s\u00e1bado 27 de julio se conmemora una nueva edici\u00f3n del D\u00eda Internacional del Perro, fecha que pretende concientizar sobre la dura realidad que viven estos animales y promover su adopci\u00f3n.<\/strong><\/span><\/p>\n<p>La celebraci\u00f3n se destaca desde el a\u00f1o 2008 y se habr\u00eda originado por la acci\u00f3n de un joven chileno que busc\u00f3 poner un foco en los perros que habitan continuamente en la calle.<\/p>\n<p>El entonces estudiante de periodismo de la Usach, Ignacio Gac, promov\u00ed\u00f3 la iniciativa para visualizar las malas condiciones que deb\u00edan enfrentar los canes por el fr\u00edo y las fuertes lluvias que se presentan durante esta \u00e9poca del a\u00f1o, seg\u00fan consigna El Espectador.<\/p>\n<p>La propuesta se expandi\u00f3 por las redes sociales y en la actualidad se celebra principalmente en Latinoam\u00e9rica y Espa\u00f1a.<\/p>\n","protected":false},"excerpt":{"rendered":"<p>Este s\u00e1bado 27 de julio se conmemora una nueva edici\u00f3n del D\u00eda Internacional del Perro, fecha que pretende concientizar sobre la dura realidad que viven estos animales y promover su adopci\u00f3n. La&#46;&#46;&#46;<\/p>\n","protected":false},"author":1,"featured_media":5824,"comment_status":"closed","ping_status":"open","sticky":false,"template":"","format":"standard","meta":[],"categories":[10,8],"tags":[],"_links":{"self":[{"href":"https:\/\/www.revistarescatados.com.ar\/web\/wp-json\/wp\/v2\/posts\/5823"}],"collection":[{"href":"https:\/\/www.revistarescatados.com.ar\/web\/wp-json\/wp\/v2\/posts"}],"about":[{"href":"https:\/\/www.revistarescatados.com.ar\/web\/wp-json\/wp\/v2\/types\/post"}],"author":[{"embeddable":true,"href":"https:\/\/www.revistarescatados.com.ar\/web\/wp-json\/wp\/v2\/users\/1"}],"replies":[{"embeddable":true,"href":"https:\/\/www.revistarescatados.com.ar\/web\/wp-json\/wp\/v2\/comments?post=5823"}],"version-history":[{"count":1,"href":"https:\/\/www.revistarescatados.com.ar\/web\/wp-json\/wp\/v2\/posts\/5823\/revisions"}],"predecessor-version":[{"id":5825,"href":"https:\/\/www.revistarescatados.com.ar\/web\/wp-json\/wp\/v2\/posts\/5823\/revisions\/5825"}],"wp:featuredmedia":[{"embeddable":true,"href":"https:\/\/www.revistarescatados.com.ar\/web\/wp-json\/wp\/v2\/media\/5824"}],"wp:attachment":[{"href":"https:\/\/www.revistarescatados.com.ar\/web\/wp-json\/wp\/v2\/media?parent=5823"}],"wp:term":[{"taxonomy":"category","embeddable":true,"href":"https:\/\/www.revistarescatados.com.ar\/web\/wp-json\/wp\/v2\/categories?post=5823"},{"taxonomy":"post_tag","embeddable":true,"href":"https:\/\/www.revistarescatados.com.ar\/web\/wp-json\/wp\/v2\/tags?post=5823"}],"curies":[{"name":"wp","href":"https:\/\/api.w.org\/{rel}","templated":true}]}}