{"id":5826,"date":"2019-07-29T13:35:55","date_gmt":"2019-07-29T16:35:55","guid":{"rendered":"http:\/\/www.revistarescatados.com.ar\/web\/?p=5826"},"modified":"2019-07-29T13:47:39","modified_gmt":"2019-07-29T16:47:39","slug":"lifschitz-habilito-una-planta-de-tratamiento-de-residuos-inauguro-un-nuevo-acceso-y-la-ampliacion-del-edificio-municipal-a-la-ciudad-de-romang","status":"publish","type":"post","link":"https:\/\/www.revistarescatados.com.ar\/web\/2019\/07\/29\/lifschitz-habilito-una-planta-de-tratamiento-de-residuos-inauguro-un-nuevo-acceso-y-la-ampliacion-del-edificio-municipal-a-la-ciudad-de-romang\/","title":{"rendered":"Lifschitz habilit\u00f3 una planta de tratamiento de residuos, inaugur\u00f3 un nuevo acceso y la ampliaci\u00f3n del edificio municipal en la ciudad de Romang"},"content":{"rendered":"<p><img loading=\"lazy\" class=\"aligncenter size-full wp-image-5827\" src=\"http:\/\/www.revistarescatados.com.ar\/web\/wp-content\/uploads\/2019\/07\/Lifchit-en-Romang.jpg\" alt=\"\" width=\"1920\" height=\"1080\" srcset=\"https:\/\/www.revistarescatados.com.ar\/web\/wp-content\/uploads\/2019\/07\/Lifchit-en-Romang.jpg 1920w, https:\/\/www.revistarescatados.com.ar\/web\/wp-content\/uploads\/2019\/07\/Lifchit-en-Romang-300x169.jpg 300w, https:\/\/www.revistarescatados.com.ar\/web\/wp-content\/uploads\/2019\/07\/Lifchit-en-Romang-768x432.jpg 768w, https:\/\/www.revistarescatados.com.ar\/web\/wp-content\/uploads\/2019\/07\/Lifchit-en-Romang-1024x576.jpg 1024w\" sizes=\"(max-width: 1920px) 100vw, 1920px\" \/><br \/>\n<span style=\"color: #0000ff;\"><strong>El gobernador Miguel Lifschitz dej\u00f3 inaugurado este lunes, el acceso a la ciudad de Romang (departamento San Javier) sobre la Ruta Provincial N\u00ba 1, en la intersecci\u00f3n con calle L\u00f3pez, una obra compuesta por siete nuevas cuadras pavimentadas, dotadas con iluminaci\u00f3n led en columnas de doble curvatura, que se suman a las ocho cuadras existentes.<\/strong><\/span><br \/>\n<span style=\"color: #0000ff;\"><strong>\u201cEsta es una ciudad pujante y una referencia regional, que fue creciendo y progresando a lo largo de los a\u00f1os como fruto del esfuerzo de su gente, de sus autoridades locales, de sus instituciones y de su sector productivo\u201d, se\u00f1al\u00f3 Lifschitz.<\/strong><\/span><\/p>\n<p>&#8220;Este acceso contribuye a darle calidad urbana y a mejorar los servicios y la accesibilidad a una ciudad que sigue creciendo. No tengo dudas de que este proceso de crecimiento de Romang se va a sostener en los pr\u00f3ximos a\u00f1os\u201d, afirm\u00f3 el gobernador, al tiempo que rescat\u00f3 \u201cel esfuerzo conjunto y mancomunado que hemos llevado adelante con todos los intendentes y presidentes comunales de la provincia\u201d.<\/p>\n<p>\u201cAl inicio de nuestra gesti\u00f3n nos propusimos priorizar el norte santafesino, a trav\u00e9s del Plan del Norte, y los dos departamentos de la costa santafesina, San Javier y Garay, con el Plan A Toda Costa. Tambi\u00e9n trabajamos con el resto de los departamentos, en el interior de la provincia, procurando eliminar diferencias y las asimetr\u00edas hist\u00f3ricas que ha tenido Santa Fe en su desarrollo, que determinaron que algunas regiones en el sur, cerca de las grandes ciudades, tuvieran mejores condiciones y m\u00e1s infraestructura, en desmedro de otras que fueron quedando relegadas\u201d, explic\u00f3.<\/p>\n<p>\u201cAun en medio de las condiciones adversas de la econom\u00eda del pa\u00eds que no nos ha ayudado en nada en estos a\u00f1os, y con condiciones clim\u00e1ticas complicadas, inundaciones y sequ\u00edas, la provincia avanz\u00f3 much\u00edsimo en educaci\u00f3n, salud p\u00fablica, obra p\u00fablica y hasta en materia econ\u00f3mica, por el r\u00e9cord en las cosechas de trigo, soja y ma\u00edz gracias al esfuerzo de nuestra gente\u201d, concluy\u00f3.<\/p>\n<p>Por su parte, el intendente de Romang, Sergio Ramseyer, se\u00f1al\u00f3 que \u201cten\u00edamos la necesidad de descongestionar el acceso principal. \u00c9sta es una obra importante para la trama y organizaci\u00f3n urbana, son siete cuadras de cord\u00f3n cuneta, pavimento e iluminaci\u00f3n con tecnolog\u00eda led\u201d.<\/p>\n<p>Finalmente, el senador departamental Jos\u00e9 Baucero, agradeci\u00f3 al gobernador Lifschitz \u201cpor el acompa\u00f1amiento con obras a nuestro departamento, en cada una de las localidades, para ayudarnos a crecer; y esto que ocurre en Romang es una muestra de ello\u201d.<\/p>\n<p><span style=\"color: #0000ff;\"><strong>PLANTA DE TRATAMIENTO DE RESIDUOS<\/strong><\/span><br \/>\nAdem\u00e1s, Lifschitz habilit\u00f3 la Planta de tratamiento, clasificaci\u00f3n y disposici\u00f3n final de residuos s\u00f3lidos urbanos del Consorcio Girsu Regi\u00f3n 1E, ubicada en la Ruta Provincial N\u00ba 296, zona rural de Romang. El Consorcio, integrado por las localidades de Alejandra, Colonia Dur\u00e1n, Los Laureles y Romang, recibi\u00f3 un Aporte No Reintegrable de $ 5.000.000 para la adquisici\u00f3n de una prensa de alta densidad, un equipo para envolver fardos, equipamiento para clasificaci\u00f3n y una pala combinada, para la ejecuci\u00f3n de obras en celdas y c\u00e1maras de captaci\u00f3n en la Planta.<\/p>\n<p>\u201cQuienes fuimos o son intendentes sabemos los problemas que representan los residuos s\u00f3lidos urbanos, la basura que se recoge o se produce todos los d\u00edas en ciudades grandes e incluso en localidades peque\u00f1as, donde el problema tiene una escala mucho m\u00e1s reducida y, a veces, falta la capacidad t\u00e9cnica o los recursos necesarios para darle un adecuado tratamiento\u201d, explic\u00f3 el gobernador.<\/p>\n<p>\u201cHasta hace unas d\u00e9cadas, y todav\u00eda hoy en muchas localidades, se tiraba la basura en lugares a cielo abierto, pero hoy nadie quiere vivir cerca de un basural ni tener un basural en su localidad. Todos hemos tomado conciencia del impacto ambiental que produc\u00eda esa pr\u00e1ctica y de lo que representa la contaminaci\u00f3n del suelo y de las napas subterr\u00e1neas\u201d, record\u00f3.<\/p>\n<p>\u201cLa Argentina asumi\u00f3 un compromiso internacional y en la provincia fuimos pioneros muchos a\u00f1os atr\u00e1s, del enfoque de Basura Cero que obliga a las autoridades locales a disponer los residuos de manera adecuada, con todas las normas t\u00e9cnicas y medioambientales para reducir al m\u00ednimo los impactos sobre el medio ambiente\u201d, continu\u00f3 Lifschitz.<\/p>\n<p>Lifschitz remarc\u00f3 que \u201cno solamente se trata de disponer adecuadamente de los residuos, sino de recuperarlos previamente para reciclar todo lo posible; tratar de que lo que vaya al relleno sanitario sea lo m\u00ednimo, recuperando todos los materiales posibles. Y bajo esa idea de un abordaje integral, encaramos la problem\u00e1tica\u201d.<\/p>\n<p>\u201cNecesitamos trabajar en conjunto, generar consorcios y establecer marcos de cooperaci\u00f3n entre municipios y comunas de una misma regi\u00f3n, para sumar esfuerzos y lograr m\u00e1s eficiencia en el proceso. Y creo que vamos a ser un modelo a nivel nacional, ya que no hay otras provincias de la escala de Santa Fe que hayan encarado procesos similares\u201d, asegur\u00f3 el gobernador.<\/p>\n<p>Posteriormente, el ministro de Medio Ambiente, Jacinto Speranza, se\u00f1al\u00f3 la importancia de que \u201ctodos adoptemos actitudes de vida para cuidar el medioambiente\u201d. Si bien reconoci\u00f3 que anteriormente \u201clas comunas y municipios ten\u00edan otras prioridades y que el tema ambiental aparec\u00eda muy poco, hoy figura en la agenda de todos\u201d.<\/p>\n<p>\u201cTenemos 220 localidades comprometidas en consorcios y trabajando por ellos. Que hoy Romang, Los Laures, Colonia Dur\u00e1n y Alejandra tengan su planta de residuos nos pone muy orgullosos a todos\u201d, concluy\u00f3.<\/p>\n<p>Despu\u00e9s, Ramseyer acot\u00f3 que \u201cla planta fue construida con mano de obra local y con materiales adquiridos en comercios de Romang\u201d.<\/p>\n<p>Por \u00faltimo, Baucero, consider\u00f3 que \u201cesto es producto de un desaf\u00edo enorme que empez\u00f3 hace algunos a\u00f1os y que hoy culmina con una muy buena gesti\u00f3n, poniendo en pr\u00e1ctica este proceso que involucra a cuatro localidades\u201d.<\/p>\n<p><span style=\"color: #0000ff;\"><strong>AMPLIACI\u00d3N DEL EDIFICIO MUNICIPAL<\/strong><\/span><br \/>\nLifschitz tambi\u00e9n particip\u00f3 de la inauguraci\u00f3n de la obra de ampliaci\u00f3n del Edificio Municipal de Romang, ubicado en Sim\u00f3n de Iriondo 789. Los trabajos iniciaron en 2016 con un aporte provincial $ 800.000 correspondiente al Fondo de Obra Delegada, al que luego se agregaron contribuciones municipales.<\/p>\n<p>\u201cHoy venimos a inaugurar este hermoso edificio, que no solo es un espacio para atender a los vecinos y permitirles a los empleados municipales que desarrollen sus tareas en un \u00e1mbito m\u00e1s apropiado, sino que, tambi\u00e9n, es un s\u00edmbolo de una ciudad que se moderniza y que apuesta al futuro. Y estamos muy contentos de poder acompa\u00f1ar estos esfuerzos locales porque, en definitiva, es la tarea que le cabe al gobierno provincial a partir de las iniciativas de los intendentes y de los presidentes comunales, a lo largo y a lo ancho de todo el territorio\u201d, mencion\u00f3.<\/p>\n<p>\u201cNosotros pensamos, pusimos en marcha y concretamos un ambicioso plan de inversiones p\u00fablicas que tiene que ver, fundamentalmente, con la conectividad de las distintas localidades, con nuestro sistema vial que estaba muy deteriorado, con la recuperaci\u00f3n de las rutas y la construcci\u00f3n de otras nuevas como la que llevamos adelante para conectar a Romang con Vera, despu\u00e9s de tantos a\u00f1os de reclamo\u201d, afirm\u00f3 el gobernador.<\/p>\n<p>\u201cTodas estas obras que son de competencia provincial, a veces no alcanzan para mejorar a calidad de vida de los santafesinos en cada pueblo y ciudad. Por eso destinamos muchos recursos a acompa\u00f1ar y apoyar las obras de car\u00e1cter local como el mejoramiento barrial, la apertura de calles, nuevos pavimentos y cloacas, instalaciones de agua potable, mejora de la red de energ\u00eda el\u00e9ctrica y, como en este caso, obras m\u00e1s de car\u00e1cter institucional\u201d, detall\u00f3.<\/p>\n<p>PRESENTES<br \/>\nDe los actos participaron, adem\u00e1s, los ministros de Infraestructura y Transporte, Jos\u00e9 Garibay; de Obras P\u00fablicas, Pedro Morini; y de Medio Ambiente, Jacinto Speranza; los senadores departamentales Jos\u00e9 Baucero y Orfilio Marc\u00f3n; las diputadas provinciales Clara Garc\u00eda, Mar\u00eda Victoria Tejeda y Estela Yacuzzi; el concejal de Rosario, Enrique Est\u00e9vez; el intendente de Avellaneda, Dionisio Scarpin; y los presidentes comunales de Alejandra, Ra\u00fal Lobato; de Colonia Dur\u00e1n, Sergio Silvestri; y de Los Laureles, El\u00edas Muchiut. Tambi\u00e9n estuvieron, el coordinador de la Regi\u00f3n 1 Nodo Reconquista, Ra\u00fal Medina; el coordinador del Plan A Toda Costa, Carlos Yossen; y el presidente del Honorable Concejo Municipal de Romang, Samuel Sager, junto con dem\u00e1s autoridades provinciales, municipales y comunales de la regi\u00f3n, y docentes y alumnos de escuelas de la zona.<\/p>\n","protected":false},"excerpt":{"rendered":"<p>El gobernador Miguel Lifschitz dej\u00f3 inaugurado este lunes, el acceso a la ciudad de Romang (departamento San Javier) sobre la Ruta Provincial N\u00ba 1, en la intersecci\u00f3n con calle L\u00f3pez, una obra&#46;&#46;&#46;<\/p>\n","protected":false},"author":1,"featured_media":5827,"comment_status":"closed","ping_status":"open","sticky":false,"template":"","format":"standard","meta":[],"categories":[5,10,14],"tags":[],"_links":{"self":[{"href":"https:\/\/www.revistarescatados.com.ar\/web\/wp-json\/wp\/v2\/posts\/5826"}],"collection":[{"href":"https:\/\/www.revistarescatados.com.ar\/web\/wp-json\/wp\/v2\/posts"}],"about":[{"href":"https:\/\/www.revistarescatados.com.ar\/web\/wp-json\/wp\/v2\/types\/post"}],"author":[{"embeddable":true,"href":"https:\/\/www.revistarescatados.com.ar\/web\/wp-json\/wp\/v2\/users\/1"}],"replies":[{"embeddable":true,"href":"https:\/\/www.revistarescatados.com.ar\/web\/wp-json\/wp\/v2\/comments?post=5826"}],"version-history":[{"count":2,"href":"https:\/\/www.revistarescatados.com.ar\/web\/wp-json\/wp\/v2\/posts\/5826\/revisions"}],"predecessor-version":[{"id":5835,"href":"https:\/\/www.revistarescatados.com.ar\/web\/wp-json\/wp\/v2\/posts\/5826\/revisions\/5835"}],"wp:featuredmedia":[{"embeddable":true,"href":"https:\/\/www.revistarescatados.com.ar\/web\/wp-json\/wp\/v2\/media\/5827"}],"wp:attachment":[{"href":"https:\/\/www.revistarescatados.com.ar\/web\/wp-json\/wp\/v2\/media?parent=5826"}],"wp:term":[{"taxonomy":"category","embeddable":true,"href":"https:\/\/www.revistarescatados.com.ar\/web\/wp-json\/wp\/v2\/categories?post=5826"},{"taxonomy":"post_tag","embeddable":true,"href":"https:\/\/www.revistarescatados.com.ar\/web\/wp-json\/wp\/v2\/tags?post=5826"}],"curies":[{"name":"wp","href":"https:\/\/api.w.org\/{rel}","templated":true}]}}