{"id":6077,"date":"2019-08-19T21:37:56","date_gmt":"2019-08-20T00:37:56","guid":{"rendered":"http:\/\/www.revistarescatados.com.ar\/web\/?p=6077"},"modified":"2019-08-19T21:37:56","modified_gmt":"2019-08-20T00:37:56","slug":"festejos-por-el-dia-del-nino-en-el-club-belgrano-de-gobernador-crespo","status":"publish","type":"post","link":"https:\/\/www.revistarescatados.com.ar\/web\/2019\/08\/19\/festejos-por-el-dia-del-nino-en-el-club-belgrano-de-gobernador-crespo\/","title":{"rendered":"Festejos por el d\u00eda del ni\u00f1o en el Club Belgrano de Gobernador Crespo"},"content":{"rendered":"<p><img loading=\"lazy\" class=\"aligncenter size-full wp-image-6078\" src=\"http:\/\/www.revistarescatados.com.ar\/web\/wp-content\/uploads\/2019\/08\/Dia-del-ni\u00f1o-Club-Belgrano.jpg\" alt=\"\" width=\"808\" height=\"585\" srcset=\"https:\/\/www.revistarescatados.com.ar\/web\/wp-content\/uploads\/2019\/08\/Dia-del-ni\u00f1o-Club-Belgrano.jpg 808w, https:\/\/www.revistarescatados.com.ar\/web\/wp-content\/uploads\/2019\/08\/Dia-del-ni\u00f1o-Club-Belgrano-300x217.jpg 300w, https:\/\/www.revistarescatados.com.ar\/web\/wp-content\/uploads\/2019\/08\/Dia-del-ni\u00f1o-Club-Belgrano-768x556.jpg 768w\" sizes=\"(max-width: 808px) 100vw, 808px\" \/><\/p>\n<p><span style=\"color: #0000ff;\"><strong>Durante la tarde del 15 de agosto se celebr\u00f3 el D\u00eda del Ni\u00f1o en el Club Belgrano, la actividad reuni\u00f3 a m\u00e1s de 130 chicos (deportistas de la Instituci\u00f3n) que disfrutaron de una jornada preparada para ellos con juegos, sorteos, peloteros y sorpresas, adem\u00e1s se les sirvi\u00f3 una merienda. <\/strong><\/span><\/p>\n<p>El festejo fue organizado y coordinado por los Profesores del Club Leisa Drosso, Emanuel Comi y Marcelo Cardozo, adem\u00e1s un especial agradecimiento a Macarena L\u00f3pez, Fernando Mart\u00ednez, a todos los padres que sumaron su colaboraci\u00f3n y desde luego a la Comisi\u00f3n Directiva por el apoyo brindado.<\/p>\n","protected":false},"excerpt":{"rendered":"<p>Durante la tarde del 15 de agosto se celebr\u00f3 el D\u00eda del Ni\u00f1o en el Club Belgrano, la actividad reuni\u00f3 a m\u00e1s de 130 chicos (deportistas de la Instituci\u00f3n) que disfrutaron de&#46;&#46;&#46;<\/p>\n","protected":false},"author":1,"featured_media":6078,"comment_status":"closed","ping_status":"open","sticky":false,"template":"","format":"standard","meta":[],"categories":[4,17,8],"tags":[],"_links":{"self":[{"href":"https:\/\/www.revistarescatados.com.ar\/web\/wp-json\/wp\/v2\/posts\/6077"}],"collection":[{"href":"https:\/\/www.revistarescatados.com.ar\/web\/wp-json\/wp\/v2\/posts"}],"about":[{"href":"https:\/\/www.revistarescatados.com.ar\/web\/wp-json\/wp\/v2\/types\/post"}],"author":[{"embeddable":true,"href":"https:\/\/www.revistarescatados.com.ar\/web\/wp-json\/wp\/v2\/users\/1"}],"replies":[{"embeddable":true,"href":"https:\/\/www.revistarescatados.com.ar\/web\/wp-json\/wp\/v2\/comments?post=6077"}],"version-history":[{"count":1,"href":"https:\/\/www.revistarescatados.com.ar\/web\/wp-json\/wp\/v2\/posts\/6077\/revisions"}],"predecessor-version":[{"id":6079,"href":"https:\/\/www.revistarescatados.com.ar\/web\/wp-json\/wp\/v2\/posts\/6077\/revisions\/6079"}],"wp:featuredmedia":[{"embeddable":true,"href":"https:\/\/www.revistarescatados.com.ar\/web\/wp-json\/wp\/v2\/media\/6078"}],"wp:attachment":[{"href":"https:\/\/www.revistarescatados.com.ar\/web\/wp-json\/wp\/v2\/media?parent=6077"}],"wp:term":[{"taxonomy":"category","embeddable":true,"href":"https:\/\/www.revistarescatados.com.ar\/web\/wp-json\/wp\/v2\/categories?post=6077"},{"taxonomy":"post_tag","embeddable":true,"href":"https:\/\/www.revistarescatados.com.ar\/web\/wp-json\/wp\/v2\/tags?post=6077"}],"curies":[{"name":"wp","href":"https:\/\/api.w.org\/{rel}","templated":true}]}}