{"id":6133,"date":"2019-08-22T21:25:39","date_gmt":"2019-08-23T00:25:39","guid":{"rendered":"http:\/\/www.revistarescatados.com.ar\/web\/?p=6133"},"modified":"2019-08-22T21:25:39","modified_gmt":"2019-08-23T00:25:39","slug":"impusieron-normas-de-conducta-a-una-mujer-investigada-por-el-abuso-sexual-de-un-adolescente-amigo-de-su-hija","status":"publish","type":"post","link":"https:\/\/www.revistarescatados.com.ar\/web\/2019\/08\/22\/impusieron-normas-de-conducta-a-una-mujer-investigada-por-el-abuso-sexual-de-un-adolescente-amigo-de-su-hija\/","title":{"rendered":"Impusieron normas de conducta a una mujer investigada por el abuso sexual de un adolescente, amigo de su hija"},"content":{"rendered":"<p><img loading=\"lazy\" class=\"aligncenter size-full wp-image-6134\" src=\"http:\/\/www.revistarescatados.com.ar\/web\/wp-content\/uploads\/2019\/08\/abuso.jpg\" alt=\"\" width=\"976\" height=\"549\" srcset=\"https:\/\/www.revistarescatados.com.ar\/web\/wp-content\/uploads\/2019\/08\/abuso.jpg 976w, https:\/\/www.revistarescatados.com.ar\/web\/wp-content\/uploads\/2019\/08\/abuso-300x169.jpg 300w, https:\/\/www.revistarescatados.com.ar\/web\/wp-content\/uploads\/2019\/08\/abuso-768x432.jpg 768w\" sizes=\"(max-width: 976px) 100vw, 976px\" \/><\/p>\n<p><span style=\"color: #0000ff;\"><strong>Ordenaron medidas alternativas a la prisi\u00f3n preventiva a una mujer de 48 a\u00f1os cuyas iniciales son DRB, quien est\u00e1 imputada por delitos contra la integridad sexual cometidos en Santo Tom\u00e9 en perjuicio de un adolescente. As\u00ed lo dispuso el juez de la Investigaci\u00f3n Penal Preparatoria (IPP), Luis Octavio Silva, a pesar del pedido de prisi\u00f3n preventiva formulado por la fiscal a cargo de la investigaci\u00f3n, Yanina Tolosa.<\/strong><\/span><\/p>\n<p>La funcionaria del MPA imput\u00f3 ayer a la mujer como autora del delito de abuso sexual con acceso carnal. La v\u00edctima es un adolescente que es amigo de la hija de la mujer.<\/p>\n<p>\u201cSi bien en la audiencia el juez reconoci\u00f3 que hubo un hecho il\u00edcito contra la integridad sexual del menor, no coincidi\u00f3 en las condiciones en las que se consumaron los hechos\u201d, se\u00f1al\u00f3 Tolosa. \u201cDesde la Fiscal\u00eda entendimos que hubo amenazas y coacciones a la v\u00edctima, pero el juez consider\u00f3 que no fue as\u00ed. No obstante, atendiendo a que la v\u00edctima es menor de edad, el magistrado dispuso restricciones para la mujer\u201d, agreg\u00f3.<\/p>\n<p>La fiscal del MPA remarc\u00f3 que \u201cm\u00e1s all\u00e1 de la situaci\u00f3n procesal de la mujer imputada, la investigaci\u00f3n que venimos realizando continuar\u00e1 su curso\u201d.<\/p>\n<p><span style=\"color: #0000ff;\"><strong>Medidas<\/strong><\/span><\/p>\n<p>Entre las normas de conducta impuestas a la mujer investigada, la fiscal Tolosa enumer\u00f3 \u201cla prohibici\u00f3n de contacto por cualquier medio con la v\u00edctima y con su familia y una medida de distancia de 1.500 metros\u201d. Asimismo, la funcionaria del MPA agreg\u00f3 que \u201ctambi\u00e9n deber\u00e1 nombrar una guardadora, fijar domicilio y presentarse una vez por mes en el MPA\u201d.<\/p>\n<p><span style=\"color: #0000ff;\"><strong>Abuso<\/strong><\/span><\/p>\n<p>\u201cEl delito que investigamos fue cometido entre junio y noviembre del a\u00f1o pasado, en fechas indeterminadas y de forma reiterada\u201d, inform\u00f3 Tolosa en la audiencia. \u201cLos hechos ocurrieron en la vivienda de la mujer en la ciudad de Santo Tom\u00e9\u201d, agreg\u00f3 la fiscal.<\/p>\n<p>Seg\u00fan precis\u00f3 la fiscal del MPA al referir a las evidencias en las que fund\u00f3 su imputaci\u00f3n, \u201cla investigaci\u00f3n se inici\u00f3 a partir de una denuncia realizada por la madre del adolescente el 14 de noviembre del a\u00f1o pasado en el Centro Territorial de Denuncias\u201d. Tolosa detall\u00f3 que \u201ccuatro d\u00edas m\u00e1s tarde, la madre de la v\u00edctima ampli\u00f3 su denuncia y brind\u00f3 m\u00e1s detalles ante personal del \u00e1rea de G\u00e9nero de la Polic\u00eda de Investigaciones\u201d.<\/p>\n<p>\u201cEntre las diversas medidas realizadas en el marco de la investigaci\u00f3n, tambi\u00e9n se entrevist\u00f3 a la v\u00edctima en C\u00e1mara Gesell, donde el adolescente pudo describir en detalle lo ocurrido\u201d, sostuvo la fiscal.<\/p>\n<p>Por \u00faltimo, concluy\u00f3 que \u201ctanto el menor que fue v\u00edctima como su madre, est\u00e1n recibiendo contenci\u00f3n y asistencia psicol\u00f3gica del organismo de pol\u00edtica de g\u00e9nero de la municipalidad de Santo Tom\u00e9\u201d.<\/p>\n","protected":false},"excerpt":{"rendered":"<p>Ordenaron medidas alternativas a la prisi\u00f3n preventiva a una mujer de 48 a\u00f1os cuyas iniciales son DRB, quien est\u00e1 imputada por delitos contra la integridad sexual cometidos en Santo Tom\u00e9 en perjuicio&#46;&#46;&#46;<\/p>\n","protected":false},"author":1,"featured_media":6134,"comment_status":"closed","ping_status":"open","sticky":false,"template":"","format":"standard","meta":[],"categories":[10,11,12],"tags":[],"_links":{"self":[{"href":"https:\/\/www.revistarescatados.com.ar\/web\/wp-json\/wp\/v2\/posts\/6133"}],"collection":[{"href":"https:\/\/www.revistarescatados.com.ar\/web\/wp-json\/wp\/v2\/posts"}],"about":[{"href":"https:\/\/www.revistarescatados.com.ar\/web\/wp-json\/wp\/v2\/types\/post"}],"author":[{"embeddable":true,"href":"https:\/\/www.revistarescatados.com.ar\/web\/wp-json\/wp\/v2\/users\/1"}],"replies":[{"embeddable":true,"href":"https:\/\/www.revistarescatados.com.ar\/web\/wp-json\/wp\/v2\/comments?post=6133"}],"version-history":[{"count":1,"href":"https:\/\/www.revistarescatados.com.ar\/web\/wp-json\/wp\/v2\/posts\/6133\/revisions"}],"predecessor-version":[{"id":6135,"href":"https:\/\/www.revistarescatados.com.ar\/web\/wp-json\/wp\/v2\/posts\/6133\/revisions\/6135"}],"wp:featuredmedia":[{"embeddable":true,"href":"https:\/\/www.revistarescatados.com.ar\/web\/wp-json\/wp\/v2\/media\/6134"}],"wp:attachment":[{"href":"https:\/\/www.revistarescatados.com.ar\/web\/wp-json\/wp\/v2\/media?parent=6133"}],"wp:term":[{"taxonomy":"category","embeddable":true,"href":"https:\/\/www.revistarescatados.com.ar\/web\/wp-json\/wp\/v2\/categories?post=6133"},{"taxonomy":"post_tag","embeddable":true,"href":"https:\/\/www.revistarescatados.com.ar\/web\/wp-json\/wp\/v2\/tags?post=6133"}],"curies":[{"name":"wp","href":"https:\/\/api.w.org\/{rel}","templated":true}]}}