{"id":6326,"date":"2019-09-06T02:13:32","date_gmt":"2019-09-06T05:13:32","guid":{"rendered":"http:\/\/www.revistarescatados.com.ar\/web\/?p=6326"},"modified":"2019-09-06T02:16:26","modified_gmt":"2019-09-06T05:16:26","slug":"asi-se-trabaja-con-el-programa-enlaces-conin-en-calchaqui","status":"publish","type":"post","link":"https:\/\/www.revistarescatados.com.ar\/web\/2019\/09\/06\/asi-se-trabaja-con-el-programa-enlaces-conin-en-calchaqui\/","title":{"rendered":"As\u00ed se trabaja con el programa \u201cEnlaces Conin\u201d en\u00a0 Calchaqu\u00ed"},"content":{"rendered":"<p><img loading=\"lazy\" class=\"aligncenter size-full wp-image-6327\" src=\"http:\/\/www.revistarescatados.com.ar\/web\/wp-content\/uploads\/2019\/09\/Enlaces-Conin.jpg\" alt=\"\" width=\"960\" height=\"466\" srcset=\"https:\/\/www.revistarescatados.com.ar\/web\/wp-content\/uploads\/2019\/09\/Enlaces-Conin.jpg 960w, https:\/\/www.revistarescatados.com.ar\/web\/wp-content\/uploads\/2019\/09\/Enlaces-Conin-300x146.jpg 300w, https:\/\/www.revistarescatados.com.ar\/web\/wp-content\/uploads\/2019\/09\/Enlaces-Conin-768x373.jpg 768w\" sizes=\"(max-width: 960px) 100vw, 960px\" \/><\/p>\n<p><span style=\"color: #0000ff;\"><strong>Mediante la Fundaci\u00f3n MR se asiste a ni\u00f1os menores de 5 a\u00f1os con bajo peso, capacitando a las madres y realizando un seguimiento personalizado del tratamiento para lograr los mejores resultados.<\/strong><\/span><\/p>\n<ul>\n<li>Se ingresa por bajo peso, por lo que el control nutricional es el eje matriz. Todas las semanas la nutricionista controla el peso, talla y per\u00edmetro cef\u00e1lico de los ni\u00f1os.<\/li>\n<li>Asiste el ni\u00f1o de bajo peso menor de 5 a\u00f1os, su mami y los hermanitos menores (por considerarse ni\u00f1os en Riesgo).<\/li>\n<li>Se asiste al jard\u00edn de Infantes, con una docente que g\u00fcia el proceso de aprendizaje.<\/li>\n<li>Las madres se capacitan en diversos talleres: siendo el de cocina el m\u00e1s significativo.<\/li>\n<li>Hay alfabetizaci\u00f3n personalizada para las mam\u00e1s con actividades para el hogar.<\/li>\n<li>En la Fundaci\u00f3n se realiza el control fonoaudiol\u00f3gico, psicopedag\u00f3gico y los turnos extra que sean necesarios.<\/li>\n<li>Todas las semanas se entrega un bols\u00f3n de alimentos a bajo costo.<\/li>\n<li>Hay adem\u00e1s roperito o cooperativa solidaria de ropa y calzado.<\/li>\n<li>Hay voluntariado solidario constante.<\/li>\n<\/ul>\n<p>Los problemas de desnutrici\u00f3n son cada vez m\u00e1s frecuentes en el mundo y las consecuencias, irreparables para nuestro cerebro. La desnutrici\u00f3n sobreviene cuando la cantidad disponible de energ\u00eda o prote\u00edna es insuficiente para cubrir las necesidades org\u00e1nicas. Cuando las fuentes de prote\u00ednas son limitadas se produce una respuesta adaptativa a corto plazo.<\/p>\n<p>CONIN es una organizaci\u00f3n sin fines de lucro fundada por el Dr. Abel Pascual Albino en la provincia de Mendoza, el 4 de septiembre de 1993. Albino tom\u00f3 el exitoso modelo de CONIN Chile, ideado por su fundador el Dr. Fernando M\u00f6nckeberg, quien logr\u00f3 quebrar el flagelo de la desnutrici\u00f3n infantil en su pa\u00eds, y gracias al cual Chile posee el \u00edndice m\u00e1s bajo de desnutrici\u00f3n de Latinoam\u00e9rica.<\/p>\n<p>El principal objetivo de Fundaci\u00f3n CONIN es erradicar la desnutrici\u00f3n infantil en la Argentina, comenzando por Mendoza para luego extenderse al resto de Am\u00e9rica Latina y el mundo.<\/p>\n","protected":false},"excerpt":{"rendered":"<p>Mediante la Fundaci\u00f3n MR se asiste a ni\u00f1os menores de 5 a\u00f1os con bajo peso, capacitando a las madres y realizando un seguimiento personalizado del tratamiento para lograr los mejores resultados. Se&#46;&#46;&#46;<\/p>\n","protected":false},"author":1,"featured_media":6327,"comment_status":"closed","ping_status":"open","sticky":false,"template":"","format":"standard","meta":[],"categories":[2,3,16,10,8],"tags":[],"_links":{"self":[{"href":"https:\/\/www.revistarescatados.com.ar\/web\/wp-json\/wp\/v2\/posts\/6326"}],"collection":[{"href":"https:\/\/www.revistarescatados.com.ar\/web\/wp-json\/wp\/v2\/posts"}],"about":[{"href":"https:\/\/www.revistarescatados.com.ar\/web\/wp-json\/wp\/v2\/types\/post"}],"author":[{"embeddable":true,"href":"https:\/\/www.revistarescatados.com.ar\/web\/wp-json\/wp\/v2\/users\/1"}],"replies":[{"embeddable":true,"href":"https:\/\/www.revistarescatados.com.ar\/web\/wp-json\/wp\/v2\/comments?post=6326"}],"version-history":[{"count":2,"href":"https:\/\/www.revistarescatados.com.ar\/web\/wp-json\/wp\/v2\/posts\/6326\/revisions"}],"predecessor-version":[{"id":6329,"href":"https:\/\/www.revistarescatados.com.ar\/web\/wp-json\/wp\/v2\/posts\/6326\/revisions\/6329"}],"wp:featuredmedia":[{"embeddable":true,"href":"https:\/\/www.revistarescatados.com.ar\/web\/wp-json\/wp\/v2\/media\/6327"}],"wp:attachment":[{"href":"https:\/\/www.revistarescatados.com.ar\/web\/wp-json\/wp\/v2\/media?parent=6326"}],"wp:term":[{"taxonomy":"category","embeddable":true,"href":"https:\/\/www.revistarescatados.com.ar\/web\/wp-json\/wp\/v2\/categories?post=6326"},{"taxonomy":"post_tag","embeddable":true,"href":"https:\/\/www.revistarescatados.com.ar\/web\/wp-json\/wp\/v2\/tags?post=6326"}],"curies":[{"name":"wp","href":"https:\/\/api.w.org\/{rel}","templated":true}]}}