{"id":6383,"date":"2019-09-11T15:06:47","date_gmt":"2019-09-11T18:06:47","guid":{"rendered":"http:\/\/www.revistarescatados.com.ar\/web\/?p=6383"},"modified":"2019-09-11T15:06:47","modified_gmt":"2019-09-11T18:06:47","slug":"valentin-bargetto-participara-de-los-juegos-evita-en-mar-del-plata","status":"publish","type":"post","link":"https:\/\/www.revistarescatados.com.ar\/web\/2019\/09\/11\/valentin-bargetto-participara-de-los-juegos-evita-en-mar-del-plata\/","title":{"rendered":"Valent\u00edn Bargetto participar\u00e1 de los Juegos Evita en Mar del Plata"},"content":{"rendered":"<p><img loading=\"lazy\" class=\"aligncenter size-full wp-image-6384\" src=\"http:\/\/www.revistarescatados.com.ar\/web\/wp-content\/uploads\/2019\/09\/Valentin-Bargetto.jpg\" alt=\"\" width=\"871\" height=\"383\" srcset=\"https:\/\/www.revistarescatados.com.ar\/web\/wp-content\/uploads\/2019\/09\/Valentin-Bargetto.jpg 871w, https:\/\/www.revistarescatados.com.ar\/web\/wp-content\/uploads\/2019\/09\/Valentin-Bargetto-300x132.jpg 300w, https:\/\/www.revistarescatados.com.ar\/web\/wp-content\/uploads\/2019\/09\/Valentin-Bargetto-768x338.jpg 768w\" sizes=\"(max-width: 871px) 100vw, 871px\" \/><\/p>\n<p><span style=\"color: #0000ff;\"><strong>El joven deportista de Calchaqu\u00ed, con el equipo de voley del Club Col\u00f3n de Santa Fe, result\u00f3 campe\u00f3n\u00a0 provincial en los &#8220;Santa Fe Juega&#8221; y participar\u00e1 de\u00a0 la instancia nacional de los Juegos Evita en la ciudad de Mar del Plata.<\/strong><\/span><\/p>\n<p>El armador de Calchaqu\u00ed super\u00f3 la instancia provincial de los &#8220;Santa Fe Juega&#8221; e integrar\u00e1 la delegaci\u00f3n santafesina que representar\u00e1 a la provincia en los Juegos Evita Nacionales.\u00a0Las finales Juveniles y de Deportes Adaptados tendr\u00e1n como sede la ciudad de Mar del Plata, desde el 06 hasta el 11 de octubre.<\/p>\n","protected":false},"excerpt":{"rendered":"<p>El joven deportista de Calchaqu\u00ed, con el equipo de voley del Club Col\u00f3n de Santa Fe, result\u00f3 campe\u00f3n\u00a0 provincial en los &#8220;Santa Fe Juega&#8221; y participar\u00e1 de\u00a0 la instancia nacional de los&#46;&#46;&#46;<\/p>\n","protected":false},"author":1,"featured_media":6384,"comment_status":"closed","ping_status":"open","sticky":false,"template":"","format":"standard","meta":[],"categories":[2,3,17,8],"tags":[],"_links":{"self":[{"href":"https:\/\/www.revistarescatados.com.ar\/web\/wp-json\/wp\/v2\/posts\/6383"}],"collection":[{"href":"https:\/\/www.revistarescatados.com.ar\/web\/wp-json\/wp\/v2\/posts"}],"about":[{"href":"https:\/\/www.revistarescatados.com.ar\/web\/wp-json\/wp\/v2\/types\/post"}],"author":[{"embeddable":true,"href":"https:\/\/www.revistarescatados.com.ar\/web\/wp-json\/wp\/v2\/users\/1"}],"replies":[{"embeddable":true,"href":"https:\/\/www.revistarescatados.com.ar\/web\/wp-json\/wp\/v2\/comments?post=6383"}],"version-history":[{"count":1,"href":"https:\/\/www.revistarescatados.com.ar\/web\/wp-json\/wp\/v2\/posts\/6383\/revisions"}],"predecessor-version":[{"id":6385,"href":"https:\/\/www.revistarescatados.com.ar\/web\/wp-json\/wp\/v2\/posts\/6383\/revisions\/6385"}],"wp:featuredmedia":[{"embeddable":true,"href":"https:\/\/www.revistarescatados.com.ar\/web\/wp-json\/wp\/v2\/media\/6384"}],"wp:attachment":[{"href":"https:\/\/www.revistarescatados.com.ar\/web\/wp-json\/wp\/v2\/media?parent=6383"}],"wp:term":[{"taxonomy":"category","embeddable":true,"href":"https:\/\/www.revistarescatados.com.ar\/web\/wp-json\/wp\/v2\/categories?post=6383"},{"taxonomy":"post_tag","embeddable":true,"href":"https:\/\/www.revistarescatados.com.ar\/web\/wp-json\/wp\/v2\/tags?post=6383"}],"curies":[{"name":"wp","href":"https:\/\/api.w.org\/{rel}","templated":true}]}}