{"id":6391,"date":"2019-09-11T16:25:59","date_gmt":"2019-09-11T19:25:59","guid":{"rendered":"http:\/\/www.revistarescatados.com.ar\/web\/?p=6391"},"modified":"2019-09-11T16:25:59","modified_gmt":"2019-09-11T19:25:59","slug":"diputados-entrego-distinciones-a-los-nuevos-miembros-de-la-academia-de-ciencias-medicas-de-la-provincia","status":"publish","type":"post","link":"https:\/\/www.revistarescatados.com.ar\/web\/2019\/09\/11\/diputados-entrego-distinciones-a-los-nuevos-miembros-de-la-academia-de-ciencias-medicas-de-la-provincia\/","title":{"rendered":"Diputados entreg\u00f3 distinciones a los nuevos miembros de la Academia de Ciencias M\u00e9dicas de la provincia"},"content":{"rendered":"<p><img loading=\"lazy\" class=\"aligncenter size-full wp-image-6392\" src=\"http:\/\/www.revistarescatados.com.ar\/web\/wp-content\/uploads\/2019\/09\/distincion-de-diputados.jpg\" alt=\"\" width=\"1280\" height=\"882\" srcset=\"https:\/\/www.revistarescatados.com.ar\/web\/wp-content\/uploads\/2019\/09\/distincion-de-diputados.jpg 1280w, https:\/\/www.revistarescatados.com.ar\/web\/wp-content\/uploads\/2019\/09\/distincion-de-diputados-300x207.jpg 300w, https:\/\/www.revistarescatados.com.ar\/web\/wp-content\/uploads\/2019\/09\/distincion-de-diputados-768x529.jpg 768w, https:\/\/www.revistarescatados.com.ar\/web\/wp-content\/uploads\/2019\/09\/distincion-de-diputados-1024x706.jpg 1024w\" sizes=\"(max-width: 1280px) 100vw, 1280px\" \/><\/p>\n<p><span style=\"color: #0000ff;\"><strong>El presidente de la C\u00e1mara de Diputados de Santa Fe, Antonio Bonfatti, encabez\u00f3 este mi\u00e9rcoles, en la Legislatura, el acto de distinci\u00f3n y asunci\u00f3n de los nuevos miembros de la Academia de Ciencias M\u00e9dicas de Santa Fe.<\/strong><\/span><\/p>\n<p>\u201cSiento un enorme orgullo, en representaci\u00f3n de los 50 diputados de esta C\u00e1mara, que este acto tan importante se celebre aqu\u00ed, es un gesto simb\u00f3lico muy fuerte\u201d, asegur\u00f3 Bonfatti durante la primera incorporaci\u00f3n de acad\u00e9micos designados por el claustro fundacional.<\/p>\n<p>\u201cTengo la alegr\u00eda de ver aqu\u00ed algunos de mis docentes y formadores, de quienes aprend\u00ed a no creer en las casualidades, sino en las causalidades, y que Santa Fe sea la primera provincia que tenga una Academia de Ciencias M\u00e9dicas no es una casualidad, tiene que ver los grandes maestros que hubo en esta provincia, con la universidad p\u00fablica, con el C\u00edrculo M\u00e9dico, y la Asociaci\u00f3n M\u00e9dica, los polos tecnol\u00f3gicos, y el Ministerio de Ciencia y T\u00e9cnica\u201d, resumi\u00f3 el presidente de la C\u00e1mara.<\/p>\n<p>Finalmente, Bonfatti asegur\u00f3 que Santa Fe \u201cse distingue por su salud, tanto p\u00fablica como privada\u201d, e inst\u00f3 a los presentes a \u201cseguir trabajando con mucha fuerza, y a empujar a m\u00e1s j\u00f3venes hacia la investigaci\u00f3n\u201d.<\/p>\n<p>Vale recordar que en 2017, Fiscal\u00eda de Estado de la provincia autoriz\u00f3 el funcionamiento de la Asociaci\u00f3n Civil Academia de Ciencias M\u00e9dicas de Santa Fe. Esta instituci\u00f3n tiene en su estructura un claustro acad\u00e9mico que se ocupa con exclusividad de las actividades puramente cient\u00edficas.<\/p>\n<p>Los nueve elegidos, designados por el claustro fundacional son: el doctor en medicina Oscar Botasso; el doctor en Ciencias Alberto Cardona; el doctor en F\u00edsica Guillermo Kaufmann; el ingeniero qu\u00edmico Alejandro Olivieri; el doctor en F\u00edsica Mario Passegi; el doctor en bioqu\u00edmica y farmacia Rodolfo Puche; el doctor en F\u00edsica Roberto Rivarola y el doctor en Qu\u00edmica Jorge Rainheimer.<\/p>\n<p>Del encuentro participaron, tambi\u00e9n, el presidente de la Asociaci\u00f3n Civil Academia de Ciencias M\u00e9dicas, Sergio Gorodischer; el presidente del Claustro Acad\u00e9mico Fundador de la Academia de Ciencias M\u00e9dicas de Santa Fe, Alvarez Gardiol, y la ministra de Ciencia y T\u00e9cnica e Innovaci\u00f3n Productiva, Erica Hynes, entre otros.<\/p>\n<p>Durante la ceremonia, se hizo entrega, por parte de las autoridades, en forma individual, del diploma y la presea correspondiente, como documentaci\u00f3n que acredita las designaciones asignadas a cada uno de los nueve nuevos miembros.-<\/p>\n","protected":false},"excerpt":{"rendered":"<p>El presidente de la C\u00e1mara de Diputados de Santa Fe, Antonio Bonfatti, encabez\u00f3 este mi\u00e9rcoles, en la Legislatura, el acto de distinci\u00f3n y asunci\u00f3n de los nuevos miembros de la Academia de&#46;&#46;&#46;<\/p>\n","protected":false},"author":1,"featured_media":6392,"comment_status":"closed","ping_status":"open","sticky":false,"template":"","format":"standard","meta":[],"categories":[10,12],"tags":[],"_links":{"self":[{"href":"https:\/\/www.revistarescatados.com.ar\/web\/wp-json\/wp\/v2\/posts\/6391"}],"collection":[{"href":"https:\/\/www.revistarescatados.com.ar\/web\/wp-json\/wp\/v2\/posts"}],"about":[{"href":"https:\/\/www.revistarescatados.com.ar\/web\/wp-json\/wp\/v2\/types\/post"}],"author":[{"embeddable":true,"href":"https:\/\/www.revistarescatados.com.ar\/web\/wp-json\/wp\/v2\/users\/1"}],"replies":[{"embeddable":true,"href":"https:\/\/www.revistarescatados.com.ar\/web\/wp-json\/wp\/v2\/comments?post=6391"}],"version-history":[{"count":1,"href":"https:\/\/www.revistarescatados.com.ar\/web\/wp-json\/wp\/v2\/posts\/6391\/revisions"}],"predecessor-version":[{"id":6393,"href":"https:\/\/www.revistarescatados.com.ar\/web\/wp-json\/wp\/v2\/posts\/6391\/revisions\/6393"}],"wp:featuredmedia":[{"embeddable":true,"href":"https:\/\/www.revistarescatados.com.ar\/web\/wp-json\/wp\/v2\/media\/6392"}],"wp:attachment":[{"href":"https:\/\/www.revistarescatados.com.ar\/web\/wp-json\/wp\/v2\/media?parent=6391"}],"wp:term":[{"taxonomy":"category","embeddable":true,"href":"https:\/\/www.revistarescatados.com.ar\/web\/wp-json\/wp\/v2\/categories?post=6391"},{"taxonomy":"post_tag","embeddable":true,"href":"https:\/\/www.revistarescatados.com.ar\/web\/wp-json\/wp\/v2\/tags?post=6391"}],"curies":[{"name":"wp","href":"https:\/\/api.w.org\/{rel}","templated":true}]}}