{"id":6394,"date":"2019-09-11T16:30:19","date_gmt":"2019-09-11T19:30:19","guid":{"rendered":"http:\/\/www.revistarescatados.com.ar\/web\/?p=6394"},"modified":"2019-09-11T16:30:19","modified_gmt":"2019-09-11T19:30:19","slug":"feliz-dia-del-maestro","status":"publish","type":"post","link":"https:\/\/www.revistarescatados.com.ar\/web\/2019\/09\/11\/feliz-dia-del-maestro\/","title":{"rendered":"FELIZ D\u00cdA DEL MAESTRO"},"content":{"rendered":"<p><img loading=\"lazy\" class=\"aligncenter size-full wp-image-6395\" src=\"http:\/\/www.revistarescatados.com.ar\/web\/wp-content\/uploads\/2019\/09\/DIA-DEL-MAESTRO.jpg\" alt=\"\" width=\"960\" height=\"317\" srcset=\"https:\/\/www.revistarescatados.com.ar\/web\/wp-content\/uploads\/2019\/09\/DIA-DEL-MAESTRO.jpg 960w, https:\/\/www.revistarescatados.com.ar\/web\/wp-content\/uploads\/2019\/09\/DIA-DEL-MAESTRO-300x99.jpg 300w, https:\/\/www.revistarescatados.com.ar\/web\/wp-content\/uploads\/2019\/09\/DIA-DEL-MAESTRO-768x254.jpg 768w\" sizes=\"(max-width: 960px) 100vw, 960px\" \/><\/p>\n<p>Desde Mutual Belgrano, Materno Mutual Belgrano y CEMB queremos saludar a todos los Maestros en su D\u00eda, sabiendo que ponen su mayor empe\u00f1o de manera cotidiana al frente del aula. Nuestro respeto por tan noble tarea a todos en su D\u00eda y en particular a los Docentes de las localidades donde nuestra Instituci\u00f3n est\u00e1 presente y que en m\u00e1s de una oportunidad hemos tenido la ocasi\u00f3n y el placer de trabajar de manera conjunta para fortalecer la educaci\u00f3n.<\/p>\n<p>Pero no solo desde lo pedag\u00f3gico, sino que adem\u00e1s desde los valores, los principios y en la formaci\u00f3n de los ni\u00f1os, j\u00f3venes y adultos que deciden apostar a la educaci\u00f3n como \u00fanica herramienta de progreso y crecimiento personal.<\/p>\n<p>Prensa Mutual Belgrano<\/p>\n","protected":false},"excerpt":{"rendered":"<p>Desde Mutual Belgrano, Materno Mutual Belgrano y CEMB queremos saludar a todos los Maestros en su D\u00eda, sabiendo que ponen su mayor empe\u00f1o de manera cotidiana al frente del aula. Nuestro respeto&#46;&#46;&#46;<\/p>\n","protected":false},"author":1,"featured_media":6395,"comment_status":"closed","ping_status":"open","sticky":false,"template":"","format":"standard","meta":[],"categories":[10,8],"tags":[],"_links":{"self":[{"href":"https:\/\/www.revistarescatados.com.ar\/web\/wp-json\/wp\/v2\/posts\/6394"}],"collection":[{"href":"https:\/\/www.revistarescatados.com.ar\/web\/wp-json\/wp\/v2\/posts"}],"about":[{"href":"https:\/\/www.revistarescatados.com.ar\/web\/wp-json\/wp\/v2\/types\/post"}],"author":[{"embeddable":true,"href":"https:\/\/www.revistarescatados.com.ar\/web\/wp-json\/wp\/v2\/users\/1"}],"replies":[{"embeddable":true,"href":"https:\/\/www.revistarescatados.com.ar\/web\/wp-json\/wp\/v2\/comments?post=6394"}],"version-history":[{"count":1,"href":"https:\/\/www.revistarescatados.com.ar\/web\/wp-json\/wp\/v2\/posts\/6394\/revisions"}],"predecessor-version":[{"id":6396,"href":"https:\/\/www.revistarescatados.com.ar\/web\/wp-json\/wp\/v2\/posts\/6394\/revisions\/6396"}],"wp:featuredmedia":[{"embeddable":true,"href":"https:\/\/www.revistarescatados.com.ar\/web\/wp-json\/wp\/v2\/media\/6395"}],"wp:attachment":[{"href":"https:\/\/www.revistarescatados.com.ar\/web\/wp-json\/wp\/v2\/media?parent=6394"}],"wp:term":[{"taxonomy":"category","embeddable":true,"href":"https:\/\/www.revistarescatados.com.ar\/web\/wp-json\/wp\/v2\/categories?post=6394"},{"taxonomy":"post_tag","embeddable":true,"href":"https:\/\/www.revistarescatados.com.ar\/web\/wp-json\/wp\/v2\/tags?post=6394"}],"curies":[{"name":"wp","href":"https:\/\/api.w.org\/{rel}","templated":true}]}}