{"id":6492,"date":"2019-09-23T13:35:48","date_gmt":"2019-09-23T16:35:48","guid":{"rendered":"http:\/\/www.revistarescatados.com.ar\/web\/?p=6492"},"modified":"2019-09-23T13:35:48","modified_gmt":"2019-09-23T16:35:48","slug":"eureka-feria-de-ciencia-y-tecnologia-comenzo-la-instancia-provincial","status":"publish","type":"post","link":"https:\/\/www.revistarescatados.com.ar\/web\/2019\/09\/23\/eureka-feria-de-ciencia-y-tecnologia-comenzo-la-instancia-provincial\/","title":{"rendered":"\u201cEureka! Feria de Ciencia y Tecnolog\u00eda\u201d: comenz\u00f3 la instancia provincial"},"content":{"rendered":"<p>&nbsp;<\/p>\n<p>&nbsp;<\/p>\n<p><img loading=\"lazy\" class=\"aligncenter size-full wp-image-2090\" src=\"http:\/\/www.revistarescatados.com.ar\/web\/wp-content\/uploads\/2018\/09\/feria-de-ciencias-2018-1.jpg\" alt=\"\" width=\"1383\" height=\"922\" srcset=\"https:\/\/www.revistarescatados.com.ar\/web\/wp-content\/uploads\/2018\/09\/feria-de-ciencias-2018-1.jpg 1383w, https:\/\/www.revistarescatados.com.ar\/web\/wp-content\/uploads\/2018\/09\/feria-de-ciencias-2018-1-300x200.jpg 300w, https:\/\/www.revistarescatados.com.ar\/web\/wp-content\/uploads\/2018\/09\/feria-de-ciencias-2018-1-768x512.jpg 768w, https:\/\/www.revistarescatados.com.ar\/web\/wp-content\/uploads\/2018\/09\/feria-de-ciencias-2018-1-1024x683.jpg 1024w\" sizes=\"(max-width: 1383px) 100vw, 1383px\" \/><\/p>\n<p><span style=\"color: #0000ff;\"><strong>El Ministerio de Educaci\u00f3n de la provincia lleva a cabo desde este lunes y hasta el 27 de septiembre, la instancia provincial de \u201cEureka! Feria de Ciencia y Tecnolog\u00eda\u201d, que en esta edici\u00f3n tiene car\u00e1cter nodal y expone un total de 154 trabajos seleccionados de las ferias zonales.<\/strong><\/span><\/p>\n<p>Este a\u00f1o, hubo un total de 1235 proyectos, un r\u00e9cord de inscriptos de escuelas que exponen el resultado de sus investigaciones y trabajos en ciencia y tecnolog\u00eda.<\/p>\n<p>Habitualmente, el evento recib\u00eda alrededor de 900 proyectos pero este a\u00f1o se increment\u00f3 25% la cantidad de inscriptos. Hubo m\u00e1s de 42.000 estudiantes de toda la provincia y todos los niveles educativos (inicial, primario, secundario y superior) que participaron de las distintas instancias de la feria.<\/p>\n<p><span style=\"color: #0000ff;\"><strong>CRONOGRAMA<\/strong><\/span><br \/>\n&lt;&lt; Lunes 23 de septiembre: Delegaciones Regionales I, III y IX en la Escuela Primaria N\u00b0 408 de San Crist\u00f3bal<\/p>\n<p><strong>&lt;&lt; Martes 24: Delegaci\u00f3n Regional II en la Escuela Primaria N\u00ba 1354 de Reconquista<\/strong><\/p>\n<p>&lt;&lt; Mi\u00e9rcoles 25: Delegaciones Regionales IV y VIII en la Escuela Primaria N\u00b0 27 de Santa Fe<\/p>\n<p>&lt;&lt; Jueves 26: Delegaciones Regionales V y VI en la Escuela Primaria N\u00b0 1403 de Casilda<\/p>\n<p>&lt;&lt; Viernes 27: Delegaci\u00f3n Regional VII en la Escuela Primaria N\u00ba 496 de Venado Tuerto<\/p>\n<p>En todos las casos, la jornada se inicia con un acto a las 9:15 y culmina con la entrega de certificados y medallas, a la 17 horas.<\/p>\n<p><span style=\"color: #0000ff;\"><strong>\u201cEUREKA! FERIA DE CIENCIAS Y TECNOLOG\u00cdA\u201d<\/strong><\/span><br \/>\nEs un espacio de pr\u00e1cticas educativas y experiencias escolares inclusivas en la que todos los niveles y modalidades se encuentran para visibilizar el acontecer a\u00falico. Es una oportunidad para incorporar la metodolog\u00eda cient\u00edfica desde una mirada interdisciplinaria y creativa.<\/p>\n<p>Se presentan trabajos en las \u00e1reas de Matem\u00e1tica, Ciencias sociales, Ciencias naturales, Formaci\u00f3n \u00e9tica, Tecnolog\u00eda y T\u00e9cnico profesional, as\u00ed como tambi\u00e9n en Investigaciones art\u00edsticas y Educaci\u00f3n f\u00edsica.<\/p>\n","protected":false},"excerpt":{"rendered":"<p>&nbsp; &nbsp; El Ministerio de Educaci\u00f3n de la provincia lleva a cabo desde este lunes y hasta el 27 de septiembre, la instancia provincial de \u201cEureka! Feria de Ciencia y Tecnolog\u00eda\u201d, que&#46;&#46;&#46;<\/p>\n","protected":false},"author":1,"featured_media":2090,"comment_status":"closed","ping_status":"open","sticky":false,"template":"","format":"standard","meta":[],"categories":[15,12,8],"tags":[],"_links":{"self":[{"href":"https:\/\/www.revistarescatados.com.ar\/web\/wp-json\/wp\/v2\/posts\/6492"}],"collection":[{"href":"https:\/\/www.revistarescatados.com.ar\/web\/wp-json\/wp\/v2\/posts"}],"about":[{"href":"https:\/\/www.revistarescatados.com.ar\/web\/wp-json\/wp\/v2\/types\/post"}],"author":[{"embeddable":true,"href":"https:\/\/www.revistarescatados.com.ar\/web\/wp-json\/wp\/v2\/users\/1"}],"replies":[{"embeddable":true,"href":"https:\/\/www.revistarescatados.com.ar\/web\/wp-json\/wp\/v2\/comments?post=6492"}],"version-history":[{"count":1,"href":"https:\/\/www.revistarescatados.com.ar\/web\/wp-json\/wp\/v2\/posts\/6492\/revisions"}],"predecessor-version":[{"id":6493,"href":"https:\/\/www.revistarescatados.com.ar\/web\/wp-json\/wp\/v2\/posts\/6492\/revisions\/6493"}],"wp:featuredmedia":[{"embeddable":true,"href":"https:\/\/www.revistarescatados.com.ar\/web\/wp-json\/wp\/v2\/media\/2090"}],"wp:attachment":[{"href":"https:\/\/www.revistarescatados.com.ar\/web\/wp-json\/wp\/v2\/media?parent=6492"}],"wp:term":[{"taxonomy":"category","embeddable":true,"href":"https:\/\/www.revistarescatados.com.ar\/web\/wp-json\/wp\/v2\/categories?post=6492"},{"taxonomy":"post_tag","embeddable":true,"href":"https:\/\/www.revistarescatados.com.ar\/web\/wp-json\/wp\/v2\/tags?post=6492"}],"curies":[{"name":"wp","href":"https:\/\/api.w.org\/{rel}","templated":true}]}}