{"id":6528,"date":"2019-09-25T12:55:51","date_gmt":"2019-09-25T15:55:51","guid":{"rendered":"http:\/\/www.revistarescatados.com.ar\/web\/?p=6528"},"modified":"2019-09-25T12:55:51","modified_gmt":"2019-09-25T15:55:51","slug":"la-provincia-impulsa-el-proyecto-de-ley-del-programa-nueva-oportunidad","status":"publish","type":"post","link":"https:\/\/www.revistarescatados.com.ar\/web\/2019\/09\/25\/la-provincia-impulsa-el-proyecto-de-ley-del-programa-nueva-oportunidad\/","title":{"rendered":"La provincia impulsa el proyecto de Ley del programa Nueva Oportunidad"},"content":{"rendered":"<p>&nbsp;<\/p>\n<p><img loading=\"lazy\" class=\"aligncenter size-full wp-image-5222\" src=\"http:\/\/www.revistarescatados.com.ar\/web\/wp-content\/uploads\/2019\/06\/Nueva-Oportunidad-Diplomas-Calchaqu\u00ed.jpg\" alt=\"\" width=\"1248\" height=\"720\" srcset=\"https:\/\/www.revistarescatados.com.ar\/web\/wp-content\/uploads\/2019\/06\/Nueva-Oportunidad-Diplomas-Calchaqu\u00ed.jpg 1248w, https:\/\/www.revistarescatados.com.ar\/web\/wp-content\/uploads\/2019\/06\/Nueva-Oportunidad-Diplomas-Calchaqu\u00ed-300x173.jpg 300w, https:\/\/www.revistarescatados.com.ar\/web\/wp-content\/uploads\/2019\/06\/Nueva-Oportunidad-Diplomas-Calchaqu\u00ed-768x443.jpg 768w, https:\/\/www.revistarescatados.com.ar\/web\/wp-content\/uploads\/2019\/06\/Nueva-Oportunidad-Diplomas-Calchaqu\u00ed-1024x591.jpg 1024w\" sizes=\"(max-width: 1248px) 100vw, 1248px\" \/><br \/>\n<span style=\"color: #0000ff;\"><strong>\u00a0El objetivo es garantizar que esta pol\u00edtica p\u00fablica innovadora se mantenga a largo plazo.\u00a0Actualmente participan de este programa m\u00e1s de 17.800 j\u00f3venes de 28 localidades de toda la provincia, entre ellas, la ciudad de Calchaqu\u00ed.<\/strong><\/span><\/p>\n<p>El gobernador Miguel Lifschitz presenta este mi\u00e9rcoles el proyecto de Ley que propicia la creaci\u00f3n del programa Nueva Oportunidad en el \u00e1mbito del Ministerio de Desarrollo Social, con el objetivo de garantizar que esta pol\u00edtica p\u00fablica permanezca a largo plazo.<\/p>\n<p>Este proyecto busca consolidar una experiencia innovadora destinada a j\u00f3venes en situaci\u00f3n de vulnerabilidad social para acompa\u00f1arlos en un trayecto pedag\u00f3gico de capacitaci\u00f3n y fortalecimiento de v\u00ednculos sociales, con herramientas concretas para que puedan construir sus proyectos de vida.<\/p>\n<p>Nueva Oportunidad comenz\u00f3 a implementarse en Rosario en 2013, trabajando con 320 j\u00f3venes, y actualmente participan de este programa m\u00e1s de 17.800 j\u00f3venes de 28 localidades de toda la provincia. El programa se articula en red con m\u00e1s de 260 organizaciones de la sociedad civil de distintos tipos y orientaciones.<\/p>\n<p>Tras las capacitaciones en talleres, los j\u00f3venes armaron m\u00e1s de 50 emprendimientos de trabajo denominados Unidades productivas y casi 30 empresas sociales que progresivamente se insertan en la comunidad mediante su producci\u00f3n.<\/p>\n","protected":false},"excerpt":{"rendered":"<p>&nbsp; \u00a0El objetivo es garantizar que esta pol\u00edtica p\u00fablica innovadora se mantenga a largo plazo.\u00a0Actualmente participan de este programa m\u00e1s de 17.800 j\u00f3venes de 28 localidades de toda la provincia, entre ellas,&#46;&#46;&#46;<\/p>\n","protected":false},"author":1,"featured_media":5222,"comment_status":"closed","ping_status":"open","sticky":false,"template":"","format":"standard","meta":[],"categories":[10,13,12,8],"tags":[],"_links":{"self":[{"href":"https:\/\/www.revistarescatados.com.ar\/web\/wp-json\/wp\/v2\/posts\/6528"}],"collection":[{"href":"https:\/\/www.revistarescatados.com.ar\/web\/wp-json\/wp\/v2\/posts"}],"about":[{"href":"https:\/\/www.revistarescatados.com.ar\/web\/wp-json\/wp\/v2\/types\/post"}],"author":[{"embeddable":true,"href":"https:\/\/www.revistarescatados.com.ar\/web\/wp-json\/wp\/v2\/users\/1"}],"replies":[{"embeddable":true,"href":"https:\/\/www.revistarescatados.com.ar\/web\/wp-json\/wp\/v2\/comments?post=6528"}],"version-history":[{"count":1,"href":"https:\/\/www.revistarescatados.com.ar\/web\/wp-json\/wp\/v2\/posts\/6528\/revisions"}],"predecessor-version":[{"id":6529,"href":"https:\/\/www.revistarescatados.com.ar\/web\/wp-json\/wp\/v2\/posts\/6528\/revisions\/6529"}],"wp:featuredmedia":[{"embeddable":true,"href":"https:\/\/www.revistarescatados.com.ar\/web\/wp-json\/wp\/v2\/media\/5222"}],"wp:attachment":[{"href":"https:\/\/www.revistarescatados.com.ar\/web\/wp-json\/wp\/v2\/media?parent=6528"}],"wp:term":[{"taxonomy":"category","embeddable":true,"href":"https:\/\/www.revistarescatados.com.ar\/web\/wp-json\/wp\/v2\/categories?post=6528"},{"taxonomy":"post_tag","embeddable":true,"href":"https:\/\/www.revistarescatados.com.ar\/web\/wp-json\/wp\/v2\/tags?post=6528"}],"curies":[{"name":"wp","href":"https:\/\/api.w.org\/{rel}","templated":true}]}}