{"id":6558,"date":"2019-09-27T01:34:41","date_gmt":"2019-09-27T04:34:41","guid":{"rendered":"http:\/\/www.revistarescatados.com.ar\/web\/?p=6558"},"modified":"2019-09-27T01:34:41","modified_gmt":"2019-09-27T04:34:41","slug":"informan-sobre-programas-laborales-y-capacitaciones-de-la-oficina-de-empleo-municipal","status":"publish","type":"post","link":"https:\/\/www.revistarescatados.com.ar\/web\/2019\/09\/27\/informan-sobre-programas-laborales-y-capacitaciones-de-la-oficina-de-empleo-municipal\/","title":{"rendered":"Informan sobre programas laborales y capacitaciones de la Oficina de Empleo Municipal"},"content":{"rendered":"<p><img loading=\"lazy\" class=\"aligncenter size-full wp-image-6559\" src=\"http:\/\/www.revistarescatados.com.ar\/web\/wp-content\/uploads\/2019\/09\/OFicina-de-Empleo-1.jpg\" alt=\"\" width=\"960\" height=\"719\" srcset=\"https:\/\/www.revistarescatados.com.ar\/web\/wp-content\/uploads\/2019\/09\/OFicina-de-Empleo-1.jpg 960w, https:\/\/www.revistarescatados.com.ar\/web\/wp-content\/uploads\/2019\/09\/OFicina-de-Empleo-1-300x225.jpg 300w, https:\/\/www.revistarescatados.com.ar\/web\/wp-content\/uploads\/2019\/09\/OFicina-de-Empleo-1-768x575.jpg 768w\" sizes=\"(max-width: 960px) 100vw, 960px\" \/><\/p>\n<p><span style=\"color: #0000ff;\"><strong>La Oficina de Empleo Municipal recorre los barrios. Personal de esta dependencia de la Municipalidad de Calchaqu\u00ed brind\u00f3 una charla informativa a j\u00f3venes del &#8220;Nueva Oportunidad&#8221; en la comunidad aborigen.<\/strong><\/span><\/p>\n<p>Los j\u00f3venes que integran los Talleres de Electricidad y Alba\u00f1iler\u00eda del Programa &#8220;Nueva Oportunidad&#8221;, en el Barrio Aborigen, tuvieron una charla informativa acerca de los Programas Laborales y capacitaciones de la Oficina de Empleo Municipal.<\/p>\n<p><img loading=\"lazy\" class=\"aligncenter size-full wp-image-6560\" src=\"http:\/\/www.revistarescatados.com.ar\/web\/wp-content\/uploads\/2019\/09\/OFicina-de-Empleo.jpg\" alt=\"\" width=\"960\" height=\"720\" srcset=\"https:\/\/www.revistarescatados.com.ar\/web\/wp-content\/uploads\/2019\/09\/OFicina-de-Empleo.jpg 960w, https:\/\/www.revistarescatados.com.ar\/web\/wp-content\/uploads\/2019\/09\/OFicina-de-Empleo-300x225.jpg 300w, https:\/\/www.revistarescatados.com.ar\/web\/wp-content\/uploads\/2019\/09\/OFicina-de-Empleo-768x576.jpg 768w\" sizes=\"(max-width: 960px) 100vw, 960px\" \/><\/p>\n<p>En el encuentro los j\u00f3venes mostraron gran inter\u00e9s en participar de las capacitaciones para el trabajo y de seguir adquiriendo experiencia para el mundo laboral.<\/p>\n","protected":false},"excerpt":{"rendered":"<p>La Oficina de Empleo Municipal recorre los barrios. Personal de esta dependencia de la Municipalidad de Calchaqu\u00ed brind\u00f3 una charla informativa a j\u00f3venes del &#8220;Nueva Oportunidad&#8221; en la comunidad aborigen. Los j\u00f3venes&#46;&#46;&#46;<\/p>\n","protected":false},"author":1,"featured_media":6560,"comment_status":"closed","ping_status":"open","sticky":false,"template":"","format":"standard","meta":[],"categories":[2,3,16,10,8],"tags":[],"_links":{"self":[{"href":"https:\/\/www.revistarescatados.com.ar\/web\/wp-json\/wp\/v2\/posts\/6558"}],"collection":[{"href":"https:\/\/www.revistarescatados.com.ar\/web\/wp-json\/wp\/v2\/posts"}],"about":[{"href":"https:\/\/www.revistarescatados.com.ar\/web\/wp-json\/wp\/v2\/types\/post"}],"author":[{"embeddable":true,"href":"https:\/\/www.revistarescatados.com.ar\/web\/wp-json\/wp\/v2\/users\/1"}],"replies":[{"embeddable":true,"href":"https:\/\/www.revistarescatados.com.ar\/web\/wp-json\/wp\/v2\/comments?post=6558"}],"version-history":[{"count":1,"href":"https:\/\/www.revistarescatados.com.ar\/web\/wp-json\/wp\/v2\/posts\/6558\/revisions"}],"predecessor-version":[{"id":6561,"href":"https:\/\/www.revistarescatados.com.ar\/web\/wp-json\/wp\/v2\/posts\/6558\/revisions\/6561"}],"wp:featuredmedia":[{"embeddable":true,"href":"https:\/\/www.revistarescatados.com.ar\/web\/wp-json\/wp\/v2\/media\/6560"}],"wp:attachment":[{"href":"https:\/\/www.revistarescatados.com.ar\/web\/wp-json\/wp\/v2\/media?parent=6558"}],"wp:term":[{"taxonomy":"category","embeddable":true,"href":"https:\/\/www.revistarescatados.com.ar\/web\/wp-json\/wp\/v2\/categories?post=6558"},{"taxonomy":"post_tag","embeddable":true,"href":"https:\/\/www.revistarescatados.com.ar\/web\/wp-json\/wp\/v2\/tags?post=6558"}],"curies":[{"name":"wp","href":"https:\/\/api.w.org\/{rel}","templated":true}]}}