{"id":6737,"date":"2019-10-11T01:29:42","date_gmt":"2019-10-11T04:29:42","guid":{"rendered":"http:\/\/www.revistarescatados.com.ar\/web\/?p=6737"},"modified":"2019-10-11T01:29:42","modified_gmt":"2019-10-11T04:29:42","slug":"la-provincia-inauguro-el-nuevo-registro-civil-de-alejandra","status":"publish","type":"post","link":"https:\/\/www.revistarescatados.com.ar\/web\/2019\/10\/11\/la-provincia-inauguro-el-nuevo-registro-civil-de-alejandra\/","title":{"rendered":"La provincia inaugur\u00f3 el nuevo Registro Civil de Alejandra"},"content":{"rendered":"<p><img loading=\"lazy\" class=\"aligncenter size-full wp-image-6738\" src=\"http:\/\/www.revistarescatados.com.ar\/web\/wp-content\/uploads\/2019\/10\/Registro-civil-Alejandra.jpg\" alt=\"\" width=\"1140\" height=\"640\" srcset=\"https:\/\/www.revistarescatados.com.ar\/web\/wp-content\/uploads\/2019\/10\/Registro-civil-Alejandra.jpg 1140w, https:\/\/www.revistarescatados.com.ar\/web\/wp-content\/uploads\/2019\/10\/Registro-civil-Alejandra-300x168.jpg 300w, https:\/\/www.revistarescatados.com.ar\/web\/wp-content\/uploads\/2019\/10\/Registro-civil-Alejandra-768x431.jpg 768w, https:\/\/www.revistarescatados.com.ar\/web\/wp-content\/uploads\/2019\/10\/Registro-civil-Alejandra-1024x575.jpg 1024w\" sizes=\"(max-width: 1140px) 100vw, 1140px\" \/><br \/>\n<span style=\"color: #0000ff;\"><strong>Fue este martes, en el marco de un plan estructural que incluy\u00f3 la remodelaci\u00f3n de 20 oficinas de ese organismo en todo el territorio santafesino.<\/strong><\/span><\/p>\n<p>El Ministerio de Justicia y Derechos Humanos, a trav\u00e9s de la secretar\u00eda de Gesti\u00f3n P\u00fablica, inaugur\u00f3 este martes las nuevas oficinas del Registro Civil en la localidad de Alejandra (departamento San Javier), en el marco del plan estructural de mejora de infraestructura que incluy\u00f3 la remodelaci\u00f3n de 20 edificios de ese organismo en todo el territorio santafesino.<br \/>\nEl secretario de Gesti\u00f3n P\u00fablica, Mat\u00edas Figueroa Escauriza, expres\u00f3 que \u201cesta obra, que demand\u00f3 una inversi\u00f3n de 5 millones de pesos, beneficiar\u00e1 a toda la localidad. El edificio alberga nuevas oficinas del Registro Civil y del juzgado comunitario, en el marco de un plan amplio de remodelaci\u00f3n que incluye el mejoramiento de infraestructura de un total de 20 edificios de registros civiles en toda la provincia\u201d.<\/p>\n<p>\u201cNo estamos hablando solo de una cuesti\u00f3n edilicia, sino de los impactos y beneficios que pueden tener estas obras en la poblaci\u00f3n que concurre a diario y en los empleados que llevan adelante los distintos tr\u00e1mites y gestiones\u201d, complet\u00f3.<\/p>\n<p><span style=\"color: #0000ff;\"><strong>DONACI\u00d3N A LA ESCUELA N\u00ba 438<\/strong><\/span><br \/>\nEn la oportunidad, Figueroa Escauriza entreg\u00f3, en representaci\u00f3n de la Agencia de Bienes Decomisados (Aprad), guitarras y kits deportivos destinados a la escuela N\u00ba 438 \u201cJoaqu\u00edn V. Gonz\u00e1lez\u201d, adquiridos con fondos recaudados en los remates de bienes incautados a delincuentes.<\/p>\n<p><span style=\"color: #0000ff;\"><strong>PRESENTES<\/strong><\/span><br \/>\nDel acto participaron la jueza comunitaria y jefa del Registro Civil, Mariel Thomas; el presidente comunal de Alejandra, Ra\u00fal Lovato; el presidente comunal electo, Oscar Dolzani; el senador departamental Jos\u00e9 Baucero; y la directora de la escuela N\u00ba 438 \u201cJoaqu\u00edn V. Gonz\u00e1lez\u201d, Norma Sentis, junto con alumnos de esa instituci\u00f3n.<\/p>\n","protected":false},"excerpt":{"rendered":"<p>Fue este martes, en el marco de un plan estructural que incluy\u00f3 la remodelaci\u00f3n de 20 oficinas de ese organismo en todo el territorio santafesino. El Ministerio de Justicia y Derechos Humanos,&#46;&#46;&#46;<\/p>\n","protected":false},"author":1,"featured_media":6738,"comment_status":"closed","ping_status":"open","sticky":false,"template":"","format":"standard","meta":[],"categories":[5,10,8],"tags":[],"_links":{"self":[{"href":"https:\/\/www.revistarescatados.com.ar\/web\/wp-json\/wp\/v2\/posts\/6737"}],"collection":[{"href":"https:\/\/www.revistarescatados.com.ar\/web\/wp-json\/wp\/v2\/posts"}],"about":[{"href":"https:\/\/www.revistarescatados.com.ar\/web\/wp-json\/wp\/v2\/types\/post"}],"author":[{"embeddable":true,"href":"https:\/\/www.revistarescatados.com.ar\/web\/wp-json\/wp\/v2\/users\/1"}],"replies":[{"embeddable":true,"href":"https:\/\/www.revistarescatados.com.ar\/web\/wp-json\/wp\/v2\/comments?post=6737"}],"version-history":[{"count":1,"href":"https:\/\/www.revistarescatados.com.ar\/web\/wp-json\/wp\/v2\/posts\/6737\/revisions"}],"predecessor-version":[{"id":6739,"href":"https:\/\/www.revistarescatados.com.ar\/web\/wp-json\/wp\/v2\/posts\/6737\/revisions\/6739"}],"wp:featuredmedia":[{"embeddable":true,"href":"https:\/\/www.revistarescatados.com.ar\/web\/wp-json\/wp\/v2\/media\/6738"}],"wp:attachment":[{"href":"https:\/\/www.revistarescatados.com.ar\/web\/wp-json\/wp\/v2\/media?parent=6737"}],"wp:term":[{"taxonomy":"category","embeddable":true,"href":"https:\/\/www.revistarescatados.com.ar\/web\/wp-json\/wp\/v2\/categories?post=6737"},{"taxonomy":"post_tag","embeddable":true,"href":"https:\/\/www.revistarescatados.com.ar\/web\/wp-json\/wp\/v2\/tags?post=6737"}],"curies":[{"name":"wp","href":"https:\/\/api.w.org\/{rel}","templated":true}]}}