{"id":6915,"date":"2019-10-28T13:00:54","date_gmt":"2019-10-28T16:00:54","guid":{"rendered":"http:\/\/www.revistarescatados.com.ar\/web\/?p=6915"},"modified":"2019-10-28T13:00:54","modified_gmt":"2019-10-28T16:00:54","slug":"mutual-belgrano-realizo-una-charla-vivencial-en-la-criolla","status":"publish","type":"post","link":"https:\/\/www.revistarescatados.com.ar\/web\/2019\/10\/28\/mutual-belgrano-realizo-una-charla-vivencial-en-la-criolla\/","title":{"rendered":"Mutual Belgrano realiz\u00f3 una charla vivencial en La Criolla"},"content":{"rendered":"<p><img loading=\"lazy\" class=\"aligncenter size-full wp-image-6916\" src=\"http:\/\/www.revistarescatados.com.ar\/web\/wp-content\/uploads\/2019\/10\/Charla-en-La-Criolla.jpg\" alt=\"\" width=\"947\" height=\"684\" srcset=\"https:\/\/www.revistarescatados.com.ar\/web\/wp-content\/uploads\/2019\/10\/Charla-en-La-Criolla.jpg 947w, https:\/\/www.revistarescatados.com.ar\/web\/wp-content\/uploads\/2019\/10\/Charla-en-La-Criolla-300x217.jpg 300w, https:\/\/www.revistarescatados.com.ar\/web\/wp-content\/uploads\/2019\/10\/Charla-en-La-Criolla-768x555.jpg 768w\" sizes=\"(max-width: 947px) 100vw, 947px\" \/><\/p>\n<p><span style=\"color: #0000ff;\"><strong>Adhiriendo a los 90 a\u00f1os de la localidad de la localidad, la Mutual Belgrano desarroll\u00f3 la Charla Vivencial \u201cVivir no es lineal\u201d en la noche del pasado viernes 25 de octubre en el sal\u00f3n de Filial La Criolla. <\/strong><\/span><\/p>\n<p>La tem\u00e1tica surge como base de que el 10 de octubre se celebr\u00f3 el D\u00eda Mundial de la Salud Mental y es, a su vez, el Mes de la Sensibilizaci\u00f3n sobre el C\u00e1ncer de Mama. Queremos agradecer a quienes acompa\u00f1aron esta iniciativa y tomaron parte de esta acci\u00f3n.<\/p>\n<p>&nbsp;<\/p>\n<p>Prensa Mutual Belgrano<\/p>\n","protected":false},"excerpt":{"rendered":"<p>Adhiriendo a los 90 a\u00f1os de la localidad de la localidad, la Mutual Belgrano desarroll\u00f3 la Charla Vivencial \u201cVivir no es lineal\u201d en la noche del pasado viernes 25 de octubre en&#46;&#46;&#46;<\/p>\n","protected":false},"author":1,"featured_media":6916,"comment_status":"closed","ping_status":"open","sticky":false,"template":"","format":"standard","meta":[],"categories":[4,10,9],"tags":[],"_links":{"self":[{"href":"https:\/\/www.revistarescatados.com.ar\/web\/wp-json\/wp\/v2\/posts\/6915"}],"collection":[{"href":"https:\/\/www.revistarescatados.com.ar\/web\/wp-json\/wp\/v2\/posts"}],"about":[{"href":"https:\/\/www.revistarescatados.com.ar\/web\/wp-json\/wp\/v2\/types\/post"}],"author":[{"embeddable":true,"href":"https:\/\/www.revistarescatados.com.ar\/web\/wp-json\/wp\/v2\/users\/1"}],"replies":[{"embeddable":true,"href":"https:\/\/www.revistarescatados.com.ar\/web\/wp-json\/wp\/v2\/comments?post=6915"}],"version-history":[{"count":1,"href":"https:\/\/www.revistarescatados.com.ar\/web\/wp-json\/wp\/v2\/posts\/6915\/revisions"}],"predecessor-version":[{"id":6917,"href":"https:\/\/www.revistarescatados.com.ar\/web\/wp-json\/wp\/v2\/posts\/6915\/revisions\/6917"}],"wp:featuredmedia":[{"embeddable":true,"href":"https:\/\/www.revistarescatados.com.ar\/web\/wp-json\/wp\/v2\/media\/6916"}],"wp:attachment":[{"href":"https:\/\/www.revistarescatados.com.ar\/web\/wp-json\/wp\/v2\/media?parent=6915"}],"wp:term":[{"taxonomy":"category","embeddable":true,"href":"https:\/\/www.revistarescatados.com.ar\/web\/wp-json\/wp\/v2\/categories?post=6915"},{"taxonomy":"post_tag","embeddable":true,"href":"https:\/\/www.revistarescatados.com.ar\/web\/wp-json\/wp\/v2\/tags?post=6915"}],"curies":[{"name":"wp","href":"https:\/\/api.w.org\/{rel}","templated":true}]}}