{"id":6958,"date":"2019-10-29T13:42:02","date_gmt":"2019-10-29T16:42:02","guid":{"rendered":"http:\/\/www.revistarescatados.com.ar\/web\/?p=6958"},"modified":"2019-10-29T13:42:02","modified_gmt":"2019-10-29T16:42:02","slug":"prision-preventiva-sin-plazos-para-ocho-policias-por-torturas-a-dos-detenidos-en-la-comisaria-tercera-de-sunchales","status":"publish","type":"post","link":"https:\/\/www.revistarescatados.com.ar\/web\/2019\/10\/29\/prision-preventiva-sin-plazos-para-ocho-policias-por-torturas-a-dos-detenidos-en-la-comisaria-tercera-de-sunchales\/","title":{"rendered":"Prisi\u00f3n preventiva sin plazos para ocho polic\u00edas por torturas a dos detenidos en la comisar\u00eda Tercera de Sunchales"},"content":{"rendered":"<p><img loading=\"lazy\" class=\"aligncenter size-full wp-image-6959\" src=\"http:\/\/www.revistarescatados.com.ar\/web\/wp-content\/uploads\/2019\/10\/tortura-policial.jpg\" alt=\"\" width=\"1200\" height=\"791\" srcset=\"https:\/\/www.revistarescatados.com.ar\/web\/wp-content\/uploads\/2019\/10\/tortura-policial.jpg 1200w, https:\/\/www.revistarescatados.com.ar\/web\/wp-content\/uploads\/2019\/10\/tortura-policial-300x198.jpg 300w, https:\/\/www.revistarescatados.com.ar\/web\/wp-content\/uploads\/2019\/10\/tortura-policial-768x506.jpg 768w, https:\/\/www.revistarescatados.com.ar\/web\/wp-content\/uploads\/2019\/10\/tortura-policial-1024x675.jpg 1024w\" sizes=\"(max-width: 1200px) 100vw, 1200px\" \/><\/p>\n<p><span style=\"color: #0000ff;\"><strong>Siete de las personas investigadas fueron imputadas como coautoras del delito de torturas. Adem\u00e1s, a un octavo agente de la fuerza provincial se le atribuy\u00f3 la autor\u00eda del delito de encubrimiento agravado.<\/strong><\/span><\/p>\n<p>Los ocho polic\u00edas que prestaban funciones en la comisar\u00eda Tercera de la ciudad de Sunchales (departamento Castellanos) quedaron en prisi\u00f3n preventiva sin plazos en el marco de la investigaci\u00f3n que encabezan las fiscales Gabriela Lema y Lorena Korakis por el delito de torturas. As\u00ed lo dispuso la jueza de la Investigaci\u00f3n Penal Preparatoria (IPP), Cristina Fortunato, a ra\u00edz del pedido formulado por las funcionarias del MPA en las audiencias de medidas cautelares llevadas a cabo esta ma\u00f1ana en los tribunales de la ciudad de Rafaela.<\/p>\n<p>Siete de las ocho personas investigadas fueron imputadas el s\u00e1bado por las fiscales Lema y Korakis como coautoras del delito de torturas. Se trata de la subinspectora SS de 42 a\u00f1os; el subcomisario FHM de 38 a\u00f1os; el oficial JAC de 31 a\u00f1os; y cuatro suboficiales: CAM de 21 a\u00f1os; BEG de 25; MLO de 30 y MIA de 38. Por su parte, al comisario LMG de 36 a\u00f1os se le atribuy\u00f3 la autor\u00eda del delito del encubrimiento agravado.<\/p>\n<p><span style=\"color: #0000ff;\"><strong>Prisi\u00f3n preventiva<\/strong><\/span><\/p>\n<p>\u201cSolicitamos la prisi\u00f3n preventiva de los ocho imputados, y la jueza entendi\u00f3 que correspond\u00eda imponer la medida cautelar sin plazo\u201d, se\u00f1alaron las fiscales Lema y Korakis. \u201cLa magistrada no dio los fundamentos de su decisi\u00f3n, por lo tanto, aguardaremos la resoluci\u00f3n\u201d, agregaron.<\/p>\n<p>Las funcionarias del MPA aclararon que \u201cm\u00e1s all\u00e1 de la prisi\u00f3n preventiva impuesta hoy, la investigaci\u00f3n sigue su curso. Seguiremos trabajando y avanzando todo lo que podamos en el esclarecimiento de lo ocurrido\u201d.<\/p>\n<p><span style=\"color: #0000ff;\"><strong>Torturas<\/strong><\/span><\/p>\n<p>\u201cLos delitos que investigamos fueron cometidos el viernes de la semana pasada entre las 5:10 y las 6:00 de la ma\u00f1ana en la comisar\u00eda Tercera de la ciudad de Sunchales ubicada en avenida Belgrano 386\u201d, informaron las fiscales Lema y Korakis. \u201cLas v\u00edctimas fueron dos hermanos que estaban leg\u00edtimamente privados de su libertad en la sede policial, a los que le impusieron tormentos f\u00edsicos y sufrimientos ps\u00edquicos de gravedad\u201d, sostuvieron.<\/p>\n<p>Las funcionarias del MPA argumentaron que \u201clos siete imputados como coautores de torturas actuaron de com\u00fan acuerdo, en forma conjunta y mediante el reparto de tareas\u201d.<\/p>\n<p>De acuerdo a lo relatado por las fiscales en las audiencias, \u201clos hermanos detenidos fueron llevados a la cocina\u2013comedor de la dependencia policial, fueron obligados a arrodillarse \u2013uno de ellos maniatado por la espalda con precintos y el otro esposado\u2013 y luego fueron golpeados en distintas partes del cuerpo\u201d.<\/p>\n<p>Las fiscales subrayaron que \u201ca uno de los detenidos le bajaron el pantal\u00f3n y lo amenazaron con abusarlo sexualmente. Adem\u00e1s, utilizaron un palo de madera para golpear a uno de los detenidos en distintas partes del cuerpo, hasta que cay\u00f3 al piso y comenz\u00f3 a toser\u201d. Detallaron tambi\u00e9n que \u201cminutos m\u00e1s tarde, volvieron a propinarles golpes de pu\u00f1o y patadas a los detenidos\u201d.<\/p>\n<p>\u201cA uno de los detenidos tambi\u00e9n le colocaron una bolsa de nylon en la cabeza, mientras que al otro lo empujaron contra un ventanal de vidrio, el cual atraves\u00f3 con las manos esposadas, lo que le provoc\u00f3 graves heridas en distintas partes del cuerpo\u201d, precisaron.<\/p>\n<p>\u201cAproximadamente 15 minutos despu\u00e9s, el comisario imputado lleg\u00f3 al lugar. Tom\u00f3 conocimiento de los tormentos infligidos a los dos detenidos, insult\u00f3 a uno de ellos y con el fin de procurar la impunidad de los delitos cometidos e incumpliendo los deberes a su cargo, no comunic\u00f3 debidamente a la autoridad competente lo sucedido\u201d remarcaron las fiscales. \u201cAdem\u00e1s, orden\u00f3 al personal que limpiara el lugar y sacara los vidrios del ventanal roto. Sus subordinados realizaron la indicado, raz\u00f3n por la cual, alteraron la escena del hecho e hicieron desaparecer los rastros del delito cometido\u201d, concluyeron.<\/p>\n","protected":false},"excerpt":{"rendered":"<p>Siete de las personas investigadas fueron imputadas como coautoras del delito de torturas. Adem\u00e1s, a un octavo agente de la fuerza provincial se le atribuy\u00f3 la autor\u00eda del delito de encubrimiento agravado.&#46;&#46;&#46;<\/p>\n","protected":false},"author":1,"featured_media":6959,"comment_status":"closed","ping_status":"open","sticky":false,"template":"","format":"standard","meta":[],"categories":[10,11,12],"tags":[],"_links":{"self":[{"href":"https:\/\/www.revistarescatados.com.ar\/web\/wp-json\/wp\/v2\/posts\/6958"}],"collection":[{"href":"https:\/\/www.revistarescatados.com.ar\/web\/wp-json\/wp\/v2\/posts"}],"about":[{"href":"https:\/\/www.revistarescatados.com.ar\/web\/wp-json\/wp\/v2\/types\/post"}],"author":[{"embeddable":true,"href":"https:\/\/www.revistarescatados.com.ar\/web\/wp-json\/wp\/v2\/users\/1"}],"replies":[{"embeddable":true,"href":"https:\/\/www.revistarescatados.com.ar\/web\/wp-json\/wp\/v2\/comments?post=6958"}],"version-history":[{"count":1,"href":"https:\/\/www.revistarescatados.com.ar\/web\/wp-json\/wp\/v2\/posts\/6958\/revisions"}],"predecessor-version":[{"id":6960,"href":"https:\/\/www.revistarescatados.com.ar\/web\/wp-json\/wp\/v2\/posts\/6958\/revisions\/6960"}],"wp:featuredmedia":[{"embeddable":true,"href":"https:\/\/www.revistarescatados.com.ar\/web\/wp-json\/wp\/v2\/media\/6959"}],"wp:attachment":[{"href":"https:\/\/www.revistarescatados.com.ar\/web\/wp-json\/wp\/v2\/media?parent=6958"}],"wp:term":[{"taxonomy":"category","embeddable":true,"href":"https:\/\/www.revistarescatados.com.ar\/web\/wp-json\/wp\/v2\/categories?post=6958"},{"taxonomy":"post_tag","embeddable":true,"href":"https:\/\/www.revistarescatados.com.ar\/web\/wp-json\/wp\/v2\/tags?post=6958"}],"curies":[{"name":"wp","href":"https:\/\/api.w.org\/{rel}","templated":true}]}}