{"id":6987,"date":"2019-10-30T22:26:01","date_gmt":"2019-10-31T01:26:01","guid":{"rendered":"http:\/\/www.revistarescatados.com.ar\/web\/?p=6987"},"modified":"2019-10-30T22:26:01","modified_gmt":"2019-10-31T01:26:01","slug":"espantapajaros-de-la-escuela-especial-y-no-448-ganaron-el-concurso-del-cecla-6670-video","status":"publish","type":"post","link":"https:\/\/www.revistarescatados.com.ar\/web\/2019\/10\/30\/espantapajaros-de-la-escuela-especial-y-no-448-ganaron-el-concurso-del-cecla-6670-video\/","title":{"rendered":"Espantap\u00e1jaros de la escuela especial y N\u00ba 448 ganaron el concurso del CECLA 6670 (video)"},"content":{"rendered":"<p><img loading=\"lazy\" class=\"aligncenter size-full wp-image-6989\" src=\"http:\/\/www.revistarescatados.com.ar\/web\/wp-content\/uploads\/2019\/10\/Concurso-espantapajaros.jpg\" alt=\"\" width=\"1382\" height=\"790\" srcset=\"https:\/\/www.revistarescatados.com.ar\/web\/wp-content\/uploads\/2019\/10\/Concurso-espantapajaros.jpg 1382w, https:\/\/www.revistarescatados.com.ar\/web\/wp-content\/uploads\/2019\/10\/Concurso-espantapajaros-300x171.jpg 300w, https:\/\/www.revistarescatados.com.ar\/web\/wp-content\/uploads\/2019\/10\/Concurso-espantapajaros-768x439.jpg 768w, https:\/\/www.revistarescatados.com.ar\/web\/wp-content\/uploads\/2019\/10\/Concurso-espantapajaros-1024x585.jpg 1024w\" sizes=\"(max-width: 1382px) 100vw, 1382px\" \/><\/p>\n<p><span style=\"color: #0000ff;\"><strong>\u201cColorete\u201d de la escuela especial N\u00ba 2106 y \u201cFirulais\u201d de la Escuela Provincial N\u00ba 448, fueron elegidos en el 7\u00ba Concurso regional de espantap\u00e1jaros\u00a0 para adornar la granja educativa \u201cSra. Perla Benam\u00fa\u201d del CECLA N\u00ba 6670 \u201cMiguel Mart\u00edn de Guemes\u201d.<\/strong><\/span><\/p>\n<p>En la ma\u00f1ana de este mi\u00e9rcoles 30 de octubre, se desarroll\u00f3 el desfile de los 12 espantap\u00e1jaros participantes del concurso que se realiz\u00f3 por s\u00e9ptima oportunidad. El acto tuvo lugar sobre calle AP Justo, frente a la Granja educativa &#8220;Sra. Perla Benam\u00fa&#8221;.<\/p>\n<div id=\"fb-root\"><\/div>\n<p><script async=\"1\" defer=\"1\" crossorigin=\"anonymous\" src=\"https:\/\/connect.facebook.net\/en_US\/sdk.js#xfbml=1&amp;version=v5.0\"><\/script><\/p>\n<div class=\"fb-video\" data-href=\"https:\/\/www.facebook.com\/rescatados.calchaqui.5\/videos\/404724050197958\/\" data-width=\"500\">\n<blockquote cite=\"https:\/\/www.facebook.com\/rescatados.calchaqui.5\/videos\/404724050197958\/\" class=\"fb-xfbml-parse-ignore\"><p><a href=\"https:\/\/www.facebook.com\/rescatados.calchaqui.5\/videos\/404724050197958\/\"><\/a><\/p>\n<p>DESFILE DE ESPANTAPAJAROS EN EL CECLA 70El s\u00e9ptimo concurso se realizo esta ma\u00f1ana frente a la Granja Sra. Perla Benam\u00fa. Participaron 12 creaciones, representando a alumnos e instituciones.<\/p>\n<p>Posted by <a href=\"https:\/\/www.facebook.com\/rescatados.calchaqui.5\/\">Rescatados Television &#8211; Calchaqui<\/a> on Wednesday, October 30, 2019<\/p><\/blockquote>\n<\/div>\n<p>El jurado eligi\u00f3 por creatividad, uso de material reciclado, respeto a la vida de las aves y funcionalidad, los siguientes: \u201cColorete\u201d presentado por alumnos y docentes de la Escuela Especial N\u00ba 2106 para ser colocado en la huerta org\u00e1nica demostrativa y \u201cFirulais\u201d que represent\u00f3 a la escuela N\u00ba 448 y ser\u00e1 colocado en huerta de la granja \u201cLos locos bajitos\u201d.<\/p>\n<p><img loading=\"lazy\" class=\"aligncenter size-full wp-image-6988\" src=\"http:\/\/www.revistarescatados.com.ar\/web\/wp-content\/uploads\/2019\/10\/Concurso-espantapajaros-1.jpg\" alt=\"\" width=\"1134\" height=\"790\" srcset=\"https:\/\/www.revistarescatados.com.ar\/web\/wp-content\/uploads\/2019\/10\/Concurso-espantapajaros-1.jpg 1134w, https:\/\/www.revistarescatados.com.ar\/web\/wp-content\/uploads\/2019\/10\/Concurso-espantapajaros-1-300x209.jpg 300w, https:\/\/www.revistarescatados.com.ar\/web\/wp-content\/uploads\/2019\/10\/Concurso-espantapajaros-1-768x535.jpg 768w, https:\/\/www.revistarescatados.com.ar\/web\/wp-content\/uploads\/2019\/10\/Concurso-espantapajaros-1-1024x713.jpg 1024w\" sizes=\"(max-width: 1134px) 100vw, 1134px\" \/><\/p>\n<p>Previamente, hubo un recorrido por la granja. Los docentes Emi Acu\u00f1a, Carla Diez y Marcelo Alvira, coordinaron el trasplante de plantines de tomate, asistieron a la puesta en marcha de la chipeadora e hicieron un recorrido por el monte limonero y otros espacios de la granja.<\/p>\n<p><strong>MIRA EL <a href=\"https:\/\/www.facebook.com\/Revista-Rescatados-161421006756\/photos\/?tab=album&amp;album_id=10157890038991757\"><span style=\"color: #0000ff;\">ALBUM DE IMAGENES<\/span><\/a><\/strong><\/p>\n<p>&nbsp;<\/p>\n","protected":false},"excerpt":{"rendered":"<p>\u201cColorete\u201d de la escuela especial N\u00ba 2106 y \u201cFirulais\u201d de la Escuela Provincial N\u00ba 448, fueron elegidos en el 7\u00ba Concurso regional de espantap\u00e1jaros\u00a0 para adornar la granja educativa \u201cSra. Perla Benam\u00fa\u201d&#46;&#46;&#46;<\/p>\n","protected":false},"author":1,"featured_media":6989,"comment_status":"closed","ping_status":"open","sticky":false,"template":"","format":"standard","meta":[],"categories":[2,3,16,15,10],"tags":[],"_links":{"self":[{"href":"https:\/\/www.revistarescatados.com.ar\/web\/wp-json\/wp\/v2\/posts\/6987"}],"collection":[{"href":"https:\/\/www.revistarescatados.com.ar\/web\/wp-json\/wp\/v2\/posts"}],"about":[{"href":"https:\/\/www.revistarescatados.com.ar\/web\/wp-json\/wp\/v2\/types\/post"}],"author":[{"embeddable":true,"href":"https:\/\/www.revistarescatados.com.ar\/web\/wp-json\/wp\/v2\/users\/1"}],"replies":[{"embeddable":true,"href":"https:\/\/www.revistarescatados.com.ar\/web\/wp-json\/wp\/v2\/comments?post=6987"}],"version-history":[{"count":1,"href":"https:\/\/www.revistarescatados.com.ar\/web\/wp-json\/wp\/v2\/posts\/6987\/revisions"}],"predecessor-version":[{"id":6990,"href":"https:\/\/www.revistarescatados.com.ar\/web\/wp-json\/wp\/v2\/posts\/6987\/revisions\/6990"}],"wp:featuredmedia":[{"embeddable":true,"href":"https:\/\/www.revistarescatados.com.ar\/web\/wp-json\/wp\/v2\/media\/6989"}],"wp:attachment":[{"href":"https:\/\/www.revistarescatados.com.ar\/web\/wp-json\/wp\/v2\/media?parent=6987"}],"wp:term":[{"taxonomy":"category","embeddable":true,"href":"https:\/\/www.revistarescatados.com.ar\/web\/wp-json\/wp\/v2\/categories?post=6987"},{"taxonomy":"post_tag","embeddable":true,"href":"https:\/\/www.revistarescatados.com.ar\/web\/wp-json\/wp\/v2\/tags?post=6987"}],"curies":[{"name":"wp","href":"https:\/\/api.w.org\/{rel}","templated":true}]}}