{"id":6991,"date":"2019-10-30T22:55:50","date_gmt":"2019-10-31T01:55:50","guid":{"rendered":"http:\/\/www.revistarescatados.com.ar\/web\/?p=6991"},"modified":"2019-10-30T22:55:50","modified_gmt":"2019-10-31T01:55:50","slug":"organizan-un-dia-de-radio-por-el-hospital-en-calchaqui","status":"publish","type":"post","link":"https:\/\/www.revistarescatados.com.ar\/web\/2019\/10\/30\/organizan-un-dia-de-radio-por-el-hospital-en-calchaqui\/","title":{"rendered":"Organizan \u201cun d\u00eda de radio por el hospital\u201d en Calchaqu\u00ed"},"content":{"rendered":"<p><img loading=\"lazy\" class=\"aligncenter size-full wp-image-4656\" src=\"http:\/\/www.revistarescatados.com.ar\/web\/wp-content\/uploads\/2019\/04\/Hospital.jpg\" alt=\"\" width=\"1383\" height=\"922\" srcset=\"https:\/\/www.revistarescatados.com.ar\/web\/wp-content\/uploads\/2019\/04\/Hospital.jpg 1383w, https:\/\/www.revistarescatados.com.ar\/web\/wp-content\/uploads\/2019\/04\/Hospital-300x200.jpg 300w, https:\/\/www.revistarescatados.com.ar\/web\/wp-content\/uploads\/2019\/04\/Hospital-768x512.jpg 768w, https:\/\/www.revistarescatados.com.ar\/web\/wp-content\/uploads\/2019\/04\/Hospital-1024x683.jpg 1024w\" sizes=\"(max-width: 1383px) 100vw, 1383px\" \/><\/p>\n<p><span style=\"color: #0000ff;\"><strong>Ante la acuciante situaci\u00f3n econ\u00f3mica que dificulta la prestaci\u00f3n de servicios esenciales de salud por falta de insumos, se prepara una colecta solidaria para el pr\u00f3ximo lunes 18 de noviembre.<\/strong><\/span><\/p>\n<p>As\u00ed lo anunci\u00f3 el presidente de la comisi\u00f3n ejecutiva del Samco, Daniel Avallone, teniendo en cuenta el corte en el suministro de insumos por parte de proveedores ante la falta de pago. A la fecha, el Samco Calchaqu\u00ed adeuda m\u00e1s de $600.000 a proveedores; mientras que la partida mensual del Ministerio de salud provincial es de $89.720 y no hay retribuci\u00f3n de obras sociales como el PAMI que le debe cerca de 2 millones de pesos al Samco por la atenci\u00f3n de afiliados.<\/p>\n<p>El incremento exponencial de costos en el mantenimiento e insumos para radiolog\u00eda, laboratorio y descartables para otras prestaciones, hacen peligrar la atenci\u00f3n sanitaria a la poblaci\u00f3n en general. Adem\u00e1s se suman erogaciones importantes para el arreglo de la ambulancia y un equipo de laboratorio.<\/p>\n<p>El lunes 11 de noviembre se har\u00e1 una reuni\u00f3n informativa para organizar \u201cUn d\u00eda de radio por el hospital\u201d, con la finalidad de reunir fondos para solventar algunos costos en el funcionamiento del Hospital \u201cRicardo Aldao\u201d. La colecta domiciliaria &#8211; mediante urnas portadas por voluntarios &#8211; se har\u00eda el pr\u00f3ximo lunes 18 de noviembre.<\/p>\n","protected":false},"excerpt":{"rendered":"<p>Ante la acuciante situaci\u00f3n econ\u00f3mica que dificulta la prestaci\u00f3n de servicios esenciales de salud por falta de insumos, se prepara una colecta solidaria para el pr\u00f3ximo lunes 18 de noviembre. As\u00ed lo&#46;&#46;&#46;<\/p>\n","protected":false},"author":1,"featured_media":4656,"comment_status":"closed","ping_status":"open","sticky":false,"template":"","format":"standard","meta":[],"categories":[2,3,10,9,8],"tags":[],"_links":{"self":[{"href":"https:\/\/www.revistarescatados.com.ar\/web\/wp-json\/wp\/v2\/posts\/6991"}],"collection":[{"href":"https:\/\/www.revistarescatados.com.ar\/web\/wp-json\/wp\/v2\/posts"}],"about":[{"href":"https:\/\/www.revistarescatados.com.ar\/web\/wp-json\/wp\/v2\/types\/post"}],"author":[{"embeddable":true,"href":"https:\/\/www.revistarescatados.com.ar\/web\/wp-json\/wp\/v2\/users\/1"}],"replies":[{"embeddable":true,"href":"https:\/\/www.revistarescatados.com.ar\/web\/wp-json\/wp\/v2\/comments?post=6991"}],"version-history":[{"count":1,"href":"https:\/\/www.revistarescatados.com.ar\/web\/wp-json\/wp\/v2\/posts\/6991\/revisions"}],"predecessor-version":[{"id":6992,"href":"https:\/\/www.revistarescatados.com.ar\/web\/wp-json\/wp\/v2\/posts\/6991\/revisions\/6992"}],"wp:featuredmedia":[{"embeddable":true,"href":"https:\/\/www.revistarescatados.com.ar\/web\/wp-json\/wp\/v2\/media\/4656"}],"wp:attachment":[{"href":"https:\/\/www.revistarescatados.com.ar\/web\/wp-json\/wp\/v2\/media?parent=6991"}],"wp:term":[{"taxonomy":"category","embeddable":true,"href":"https:\/\/www.revistarescatados.com.ar\/web\/wp-json\/wp\/v2\/categories?post=6991"},{"taxonomy":"post_tag","embeddable":true,"href":"https:\/\/www.revistarescatados.com.ar\/web\/wp-json\/wp\/v2\/tags?post=6991"}],"curies":[{"name":"wp","href":"https:\/\/api.w.org\/{rel}","templated":true}]}}