{"id":7067,"date":"2019-11-04T22:25:00","date_gmt":"2019-11-05T01:25:00","guid":{"rendered":"http:\/\/www.revistarescatados.com.ar\/web\/?p=7067"},"modified":"2019-11-04T22:25:00","modified_gmt":"2019-11-05T01:25:00","slug":"3-congreso-provincial-de-derecho-informatico-y-prueba-digital-en-vera","status":"publish","type":"post","link":"https:\/\/www.revistarescatados.com.ar\/web\/2019\/11\/04\/3-congreso-provincial-de-derecho-informatico-y-prueba-digital-en-vera\/","title":{"rendered":"3\u00b0 Congreso Provincial de Derecho Inform\u00e1tico y Prueba Digital en Vera"},"content":{"rendered":"<p>&nbsp;<\/p>\n<p><span style=\"color: #0000ff;\"><strong>Se desarrollar\u00e1\u00a0 este 8 y 9 de noviembre en la ciudad de Vera. El tema central en esta oportunidad ser\u00e1 &#8220;Responsabilidades&#8221;, abordando des las diferentes \u00f3pticas las responsabilidades que conlleva como profesionales inform\u00e1ticos, judiciales, policiales, docentes; y c\u00f3mo debemos abordar cada situaci\u00f3n para mejorar las pr\u00e1cticas.<\/strong><\/span><\/p>\n<p>Este a\u00f1o contar\u00e1 con profesionales nacionales e internacionales; los cuales compartir\u00e1n sus conocimientos en paneles de disertaciones magistrales el d\u00eda 8\/11 y en los talleres del 9\/11. Siguiendo la l\u00ednea de las ediciones anteriores se respeta el nivel extraordinario de profesionales que desarrollar\u00e1n las diferentes tem\u00e1ticas.<\/p>\n<p>Como siempre se trata que los asistentes logren a partir de las tem\u00e1ticas que se desarrollen construir un conocimiento aplicable a la realidad que lo circunda, y adem\u00e1s logre tener herramientas v\u00e1lidas para aplicar en su trabajo.<\/p>\n<p><img loading=\"lazy\" class=\"aligncenter size-full wp-image-7068\" src=\"http:\/\/www.revistarescatados.com.ar\/web\/wp-content\/uploads\/2019\/11\/3\u00ba-Congreso-Derecho-Informatico.jpg\" alt=\"\" width=\"720\" height=\"1019\" srcset=\"https:\/\/www.revistarescatados.com.ar\/web\/wp-content\/uploads\/2019\/11\/3\u00ba-Congreso-Derecho-Informatico.jpg 720w, https:\/\/www.revistarescatados.com.ar\/web\/wp-content\/uploads\/2019\/11\/3\u00ba-Congreso-Derecho-Informatico-212x300.jpg 212w\" sizes=\"(max-width: 720px) 100vw, 720px\" \/><\/p>\n<p><span style=\"color: #0000ff;\"><strong>DISERTANTES:<\/strong><\/span><\/p>\n<p>Jaquelina Balangione &#8211; Defensora Provincial &#8211; (Santa Fe)<\/p>\n<p>Guillermo Zamora &#8211; Abogado &#8211; (Chubut)<\/p>\n<p>Carlos Aguirre &#8211; Abogado &#8211; (C\u00f3rdoba)<\/p>\n<p>Marcelo Temperini &#8211; Abogado &#8211; (Santa Fe)<\/p>\n<p>Javier Barrionuevo &#8211; Polic\u00eda &#8211; (La Pampa)<\/p>\n<p>Marcelo Romero &#8211; Perito e Inform\u00e1tico &#8211; (CABA)<\/p>\n<p>Antonio Javier Maza &#8211; Gendarmer\u00eda &#8211; (CABA)<\/p>\n<p>Pablo Casas &#8211; Juez &#8211; (CABA)<\/p>\n<p>Juan Quaranta &#8211; Perito e Inform\u00e1tico &#8211; (Santa Fe)<\/p>\n<p>Rub\u00e9n \u00c1valos &#8211; Abogado \/ Polic\u00eda \/ Perito &#8211; (Santa Fe)<\/p>\n<p>Mar\u00eda Eugenia Lo Giudice &#8211; Dra. en Abogac\u00eda &#8211; (CABA)<\/p>\n<p>Maximiliano Macedo &#8211; Inform\u00e1tico &#8211; (Santa Fe)<\/p>\n<p>Lorena Sian &#8211; Abogada &#8211; (Chaco)<\/p>\n<p>Leandro Suarez &#8211; Perito e Inform\u00e1tico &#8211; (Santa Fe)<\/p>\n<p>Diego Candia &#8211; Polic\u00eda &#8211; (Santa Fe)<\/p>\n<p>Gabriel Dellavita &#8211; Polic\u00eda (Santa Fe)<\/p>\n<p>Sebasti\u00e1n G\u00f3mez &#8211; Polic\u00eda (Santa Fe)<\/p>\n<p>Gabriela Odriozola &#8211; Abogada (Santa Fe)<\/p>\n<p>Eduardo Escobar &#8211; Polic\u00eda (Chaco)<\/p>\n<p>Rodrigo Rosales &#8211; Polic\u00eda (La Pampa)<\/p>\n<p>Daniel Quinteros &#8211; Inform\u00e1tico (Santa Fe)<\/p>\n<p><span style=\"color: #0000ff;\"><strong>Colaboran:<\/strong><\/span><\/p>\n<p>Honorable Concejo Deliberante de la Ciudad de Vera<\/p>\n<p>Senador Pcial. Osvaldo Sosa<\/p>\n<p>Servicio P\u00fablico Provincial de Defensa Penal PODER JUDICIAL DE LA PCIA. DE STA. FE<\/p>\n<p>Subsecretar\u00eda de Cultura Municipalidad de la Ciudad de Vera<\/p>\n<p>Colegio de Abogados de la Cuarta circunscripci\u00f3n Judicial Delegaci\u00f3n Vera<\/p>\n<p>&nbsp;<\/p>\n","protected":false},"excerpt":{"rendered":"<p>&nbsp; Se desarrollar\u00e1\u00a0 este 8 y 9 de noviembre en la ciudad de Vera. El tema central en esta oportunidad ser\u00e1 &#8220;Responsabilidades&#8221;, abordando des las diferentes \u00f3pticas las responsabilidades que conlleva como&#46;&#46;&#46;<\/p>\n","protected":false},"author":1,"featured_media":7068,"comment_status":"closed","ping_status":"open","sticky":false,"template":"","format":"standard","meta":[],"categories":[3,10],"tags":[],"_links":{"self":[{"href":"https:\/\/www.revistarescatados.com.ar\/web\/wp-json\/wp\/v2\/posts\/7067"}],"collection":[{"href":"https:\/\/www.revistarescatados.com.ar\/web\/wp-json\/wp\/v2\/posts"}],"about":[{"href":"https:\/\/www.revistarescatados.com.ar\/web\/wp-json\/wp\/v2\/types\/post"}],"author":[{"embeddable":true,"href":"https:\/\/www.revistarescatados.com.ar\/web\/wp-json\/wp\/v2\/users\/1"}],"replies":[{"embeddable":true,"href":"https:\/\/www.revistarescatados.com.ar\/web\/wp-json\/wp\/v2\/comments?post=7067"}],"version-history":[{"count":1,"href":"https:\/\/www.revistarescatados.com.ar\/web\/wp-json\/wp\/v2\/posts\/7067\/revisions"}],"predecessor-version":[{"id":7069,"href":"https:\/\/www.revistarescatados.com.ar\/web\/wp-json\/wp\/v2\/posts\/7067\/revisions\/7069"}],"wp:featuredmedia":[{"embeddable":true,"href":"https:\/\/www.revistarescatados.com.ar\/web\/wp-json\/wp\/v2\/media\/7068"}],"wp:attachment":[{"href":"https:\/\/www.revistarescatados.com.ar\/web\/wp-json\/wp\/v2\/media?parent=7067"}],"wp:term":[{"taxonomy":"category","embeddable":true,"href":"https:\/\/www.revistarescatados.com.ar\/web\/wp-json\/wp\/v2\/categories?post=7067"},{"taxonomy":"post_tag","embeddable":true,"href":"https:\/\/www.revistarescatados.com.ar\/web\/wp-json\/wp\/v2\/tags?post=7067"}],"curies":[{"name":"wp","href":"https:\/\/api.w.org\/{rel}","templated":true}]}}