{"id":7083,"date":"2019-11-05T17:06:19","date_gmt":"2019-11-05T20:06:19","guid":{"rendered":"http:\/\/www.revistarescatados.com.ar\/web\/?p=7083"},"modified":"2019-11-05T17:06:19","modified_gmt":"2019-11-05T20:06:19","slug":"por-el-dia-del-empleado-bancario-este-miercoles-no-atenderan-los-bancos","status":"publish","type":"post","link":"https:\/\/www.revistarescatados.com.ar\/web\/2019\/11\/05\/por-el-dia-del-empleado-bancario-este-miercoles-no-atenderan-los-bancos\/","title":{"rendered":"Por el d\u00eda del empleado bancario, este mi\u00e9rcoles no atender\u00e1n los bancos"},"content":{"rendered":"<p><img loading=\"lazy\" class=\"aligncenter size-full wp-image-2986\" src=\"http:\/\/www.revistarescatados.com.ar\/web\/wp-content\/uploads\/2018\/11\/banco_central.jpg\" alt=\"\" width=\"829\" height=\"466\" srcset=\"https:\/\/www.revistarescatados.com.ar\/web\/wp-content\/uploads\/2018\/11\/banco_central.jpg 829w, https:\/\/www.revistarescatados.com.ar\/web\/wp-content\/uploads\/2018\/11\/banco_central-300x169.jpg 300w, https:\/\/www.revistarescatados.com.ar\/web\/wp-content\/uploads\/2018\/11\/banco_central-768x432.jpg 768w\" sizes=\"(max-width: 829px) 100vw, 829px\" \/><\/p>\n<p><span style=\"color: #0000ff;\"><strong>Este mi\u00e9rcoles 6 de noviembre, las entidades financieras no atender\u00e1n al p\u00fablico como consecuencia de la celebraci\u00f3n del D\u00eda del Empleado Bancario, seg\u00fan confirm\u00f3 el Banco Central (BCRA).<\/strong><\/span><\/p>\n<p>La medida afectar\u00e1 a todas las entidades financieras del pa\u00eds. La jornada no laborable para esta rama est\u00e1 instaurada por ley y conmemora la fundaci\u00f3n del sindicato, ocurrida en 1924. Los trabajadores, en ese entonces, ven\u00edan luchando para obtener este d\u00eda de descanso anual, entre otras reivindicaciones..<\/p>\n<p>Cobro de sueldos, jubilaciones y pagos quedar\u00e1n afectados este mi\u00e9rcoles y tampoco habr\u00e1 operaciones de moneda extranjera y de la Bolsa.<\/p>\n<p>La fecha surge como conmemoraci\u00f3n a la fundaci\u00f3n de la Asociaci\u00f3n Bancaria.<\/p>\n","protected":false},"excerpt":{"rendered":"<p>Este mi\u00e9rcoles 6 de noviembre, las entidades financieras no atender\u00e1n al p\u00fablico como consecuencia de la celebraci\u00f3n del D\u00eda del Empleado Bancario, seg\u00fan confirm\u00f3 el Banco Central (BCRA). La medida afectar\u00e1 a&#46;&#46;&#46;<\/p>\n","protected":false},"author":1,"featured_media":2986,"comment_status":"closed","ping_status":"open","sticky":false,"template":"","format":"standard","meta":[],"categories":[10,8],"tags":[],"_links":{"self":[{"href":"https:\/\/www.revistarescatados.com.ar\/web\/wp-json\/wp\/v2\/posts\/7083"}],"collection":[{"href":"https:\/\/www.revistarescatados.com.ar\/web\/wp-json\/wp\/v2\/posts"}],"about":[{"href":"https:\/\/www.revistarescatados.com.ar\/web\/wp-json\/wp\/v2\/types\/post"}],"author":[{"embeddable":true,"href":"https:\/\/www.revistarescatados.com.ar\/web\/wp-json\/wp\/v2\/users\/1"}],"replies":[{"embeddable":true,"href":"https:\/\/www.revistarescatados.com.ar\/web\/wp-json\/wp\/v2\/comments?post=7083"}],"version-history":[{"count":1,"href":"https:\/\/www.revistarescatados.com.ar\/web\/wp-json\/wp\/v2\/posts\/7083\/revisions"}],"predecessor-version":[{"id":7084,"href":"https:\/\/www.revistarescatados.com.ar\/web\/wp-json\/wp\/v2\/posts\/7083\/revisions\/7084"}],"wp:featuredmedia":[{"embeddable":true,"href":"https:\/\/www.revistarescatados.com.ar\/web\/wp-json\/wp\/v2\/media\/2986"}],"wp:attachment":[{"href":"https:\/\/www.revistarescatados.com.ar\/web\/wp-json\/wp\/v2\/media?parent=7083"}],"wp:term":[{"taxonomy":"category","embeddable":true,"href":"https:\/\/www.revistarescatados.com.ar\/web\/wp-json\/wp\/v2\/categories?post=7083"},{"taxonomy":"post_tag","embeddable":true,"href":"https:\/\/www.revistarescatados.com.ar\/web\/wp-json\/wp\/v2\/tags?post=7083"}],"curies":[{"name":"wp","href":"https:\/\/api.w.org\/{rel}","templated":true}]}}