{"id":7160,"date":"2019-11-13T01:06:36","date_gmt":"2019-11-13T04:06:36","guid":{"rendered":"http:\/\/www.revistarescatados.com.ar\/web\/?p=7160"},"modified":"2019-11-13T01:25:29","modified_gmt":"2019-11-13T04:25:29","slug":"una-policia-un-anciano-y-un-bebe-resultaron-con-lesiones-leves-en-dos-accidentes-de-transito-en-calchaqui","status":"publish","type":"post","link":"https:\/\/www.revistarescatados.com.ar\/web\/2019\/11\/13\/una-policia-un-anciano-y-un-bebe-resultaron-con-lesiones-leves-en-dos-accidentes-de-transito-en-calchaqui\/","title":{"rendered":"Una polic\u00eda, un anciano y un beb\u00e9 resultaron con lesiones leves en dos accidentes de tr\u00e1nsito en Calchaqu\u00ed"},"content":{"rendered":"<p><img loading=\"lazy\" class=\"aligncenter size-full wp-image-5030\" src=\"http:\/\/www.revistarescatados.com.ar\/web\/wp-content\/uploads\/2019\/05\/Comisaria-de-Calchaqu\u00ed.jpg\" alt=\"\" width=\"1382\" height=\"798\" srcset=\"https:\/\/www.revistarescatados.com.ar\/web\/wp-content\/uploads\/2019\/05\/Comisaria-de-Calchaqu\u00ed.jpg 1382w, https:\/\/www.revistarescatados.com.ar\/web\/wp-content\/uploads\/2019\/05\/Comisaria-de-Calchaqu\u00ed-300x173.jpg 300w, https:\/\/www.revistarescatados.com.ar\/web\/wp-content\/uploads\/2019\/05\/Comisaria-de-Calchaqu\u00ed-768x443.jpg 768w, https:\/\/www.revistarescatados.com.ar\/web\/wp-content\/uploads\/2019\/05\/Comisaria-de-Calchaqu\u00ed-1024x591.jpg 1024w\" sizes=\"(max-width: 1382px) 100vw, 1382px\" \/><\/p>\n<p><span style=\"color: #0000ff;\"><strong>En la tarde del lunes 11, una motociclista colision\u00f3 con una camioneta en B\u00ba San Mart\u00edn; mientras que un ciclista de 91 a\u00f1os sufri\u00f3 lesiones al chocar con un auto conducido por una mujer. Un beb\u00e9 que iba en el auto tambi\u00e9n result\u00f3 lesionado.<\/strong><\/span><\/p>\n<p>Este lunes 11 de noviembre, \u00a0siendo las 18:20hs en la comisar\u00eda II de polic\u00eda se recepciona un llamado telef\u00f3nico al 101 &#8211; l\u00ednea de emergencia en oficina de guardia &#8211; \u00a0por parte de la suboficial de polic\u00eda C. A. N, manifestando que hab\u00eda tenido un accidente y se encontraba en el hospital.<\/p>\n<p>Personal se entrevista con la empleada policial, quien aduce que momentos antes hab\u00eda tenido un accidente de tr\u00e1nsito, mientras circulaba en su motocicleta marca YAMAHA IBR 125 c.c. de color roja\u00a0 por calle Ej\u00e9rcito Argentino con direcci\u00f3n al cardinal Este y al doblar hacia el cardinal Norte para retomar calle E. L\u00f3pez, colisiona contra una camioneta marca Volkswagen de color gris, la que era conducida por el ciudadano C.M.S mayor de edad , , quien circulaba en el mismo sentido.<\/p>\n<p>Ambos tienen domicilio en Calchaqu\u00ed. Examinados\u00a0 por el m\u00e9dico en turno diagnostic\u00f3 en la suboficial de polic\u00eda lesiones de car\u00e1cter leves y en conductor de la camioneta no lesiones, no ebriedad. Interviene la UF del MPA CJ N\u00ba 4.<\/p>\n<p><span style=\"color: #0000ff;\"><strong>UN ANCIANO Y UN BEBE CON LESIONES<\/strong><\/span><\/p>\n<p>A \u00a0las 19:30 hs del lunes, dieron inicio actuaciones en \u00a0un accidente de tr\u00e1nsito, por lo que se dio conocimiento v\u00eda radial al SEM (SERVICIO DE EMERGENCIAS MUNICIPAL).<\/p>\n<p>Una vez en el lugar personal policial pudo constatar que por causas que se tratan de establecer entraron en colisi\u00f3n una bicicleta color lila de dama rodado 26, al que presenta da\u00f1os en su estructura, que era guiada por E.E.A., de 91 a\u00f1os, y un autom\u00f3vil Volkswagen Polo Classic de color rojo, el que era conducido por la ciudadana J S L, mayor de edad, quien era acompa\u00f1ada por su hijo de 11 meses de edad.<\/p>\n<p>Son trasladados en ambulancia hasta el nosocomio local donde examinados por galeno e\/t, diagnostico en el conductor de la bicicleta y en el menor , LESIONES DE CAR\u00c1CTER LEVES, y en la conductora del autom\u00f3vil no lesiones.<\/p>\n<p>Se hace constar que el autom\u00f3vil siempre estuvo en custodia de su propietario y la bicicleta fue trasladada a sede policial para su respectivo peritaje.-<\/p>\n","protected":false},"excerpt":{"rendered":"<p>En la tarde del lunes 11, una motociclista colision\u00f3 con una camioneta en B\u00ba San Mart\u00edn; mientras que un ciclista de 91 a\u00f1os sufri\u00f3 lesiones al chocar con un auto conducido por&#46;&#46;&#46;<\/p>\n","protected":false},"author":1,"featured_media":5030,"comment_status":"closed","ping_status":"open","sticky":false,"template":"","format":"standard","meta":[],"categories":[2,3,11],"tags":[],"_links":{"self":[{"href":"https:\/\/www.revistarescatados.com.ar\/web\/wp-json\/wp\/v2\/posts\/7160"}],"collection":[{"href":"https:\/\/www.revistarescatados.com.ar\/web\/wp-json\/wp\/v2\/posts"}],"about":[{"href":"https:\/\/www.revistarescatados.com.ar\/web\/wp-json\/wp\/v2\/types\/post"}],"author":[{"embeddable":true,"href":"https:\/\/www.revistarescatados.com.ar\/web\/wp-json\/wp\/v2\/users\/1"}],"replies":[{"embeddable":true,"href":"https:\/\/www.revistarescatados.com.ar\/web\/wp-json\/wp\/v2\/comments?post=7160"}],"version-history":[{"count":3,"href":"https:\/\/www.revistarescatados.com.ar\/web\/wp-json\/wp\/v2\/posts\/7160\/revisions"}],"predecessor-version":[{"id":7166,"href":"https:\/\/www.revistarescatados.com.ar\/web\/wp-json\/wp\/v2\/posts\/7160\/revisions\/7166"}],"wp:featuredmedia":[{"embeddable":true,"href":"https:\/\/www.revistarescatados.com.ar\/web\/wp-json\/wp\/v2\/media\/5030"}],"wp:attachment":[{"href":"https:\/\/www.revistarescatados.com.ar\/web\/wp-json\/wp\/v2\/media?parent=7160"}],"wp:term":[{"taxonomy":"category","embeddable":true,"href":"https:\/\/www.revistarescatados.com.ar\/web\/wp-json\/wp\/v2\/categories?post=7160"},{"taxonomy":"post_tag","embeddable":true,"href":"https:\/\/www.revistarescatados.com.ar\/web\/wp-json\/wp\/v2\/tags?post=7160"}],"curies":[{"name":"wp","href":"https:\/\/api.w.org\/{rel}","templated":true}]}}