{"id":7175,"date":"2019-11-14T14:10:41","date_gmt":"2019-11-14T17:10:41","guid":{"rendered":"http:\/\/www.revistarescatados.com.ar\/web\/?p=7175"},"modified":"2019-11-14T14:10:41","modified_gmt":"2019-11-14T17:10:41","slug":"la-entrada-a-laguna-el-cristal-tendra-un-valor-de-70-en-esta-temporada","status":"publish","type":"post","link":"https:\/\/www.revistarescatados.com.ar\/web\/2019\/11\/14\/la-entrada-a-laguna-el-cristal-tendra-un-valor-de-70-en-esta-temporada\/","title":{"rendered":"La entrada a laguna El Cristal tendr\u00e1 un valor de $70 en esta temporada"},"content":{"rendered":"<p><img loading=\"lazy\" class=\"aligncenter size-full wp-image-7177\" src=\"http:\/\/www.revistarescatados.com.ar\/web\/wp-content\/uploads\/2019\/11\/Muelle-El-Cristal.jpg\" alt=\"\" width=\"960\" height=\"640\" srcset=\"https:\/\/www.revistarescatados.com.ar\/web\/wp-content\/uploads\/2019\/11\/Muelle-El-Cristal.jpg 960w, https:\/\/www.revistarescatados.com.ar\/web\/wp-content\/uploads\/2019\/11\/Muelle-El-Cristal-300x200.jpg 300w, https:\/\/www.revistarescatados.com.ar\/web\/wp-content\/uploads\/2019\/11\/Muelle-El-Cristal-768x512.jpg 768w\" sizes=\"(max-width: 960px) 100vw, 960px\" \/><\/p>\n<p><span style=\"color: #0000ff;\"><strong>Desde el municipio local se informaron los precios para el ingreso, alquiler de caba\u00f1as, casillas rodantes. Por consultas, los interesados pueden comunicarse el tel\u00e9fono 3483 \u2013 464610.<\/strong><\/span><\/p>\n<p>Con d\u00edas primaverales cada vez m\u00e1s c\u00e1lidos, el complejo tur\u00edstico de Calchaqu\u00ed se torna una posibilidad para hacer una \u201cescapadita\u201d y relajarse. El caudal de agua es \u00f3ptimo y as instalaciones est\u00e1n al servicio de los acampantes y turistas.<\/p>\n<p><img loading=\"lazy\" class=\"aligncenter size-full wp-image-7176\" src=\"http:\/\/www.revistarescatados.com.ar\/web\/wp-content\/uploads\/2019\/11\/Laguna-El-Cristal.jpg\" alt=\"\" width=\"960\" height=\"960\" srcset=\"https:\/\/www.revistarescatados.com.ar\/web\/wp-content\/uploads\/2019\/11\/Laguna-El-Cristal.jpg 960w, https:\/\/www.revistarescatados.com.ar\/web\/wp-content\/uploads\/2019\/11\/Laguna-El-Cristal-150x150.jpg 150w, https:\/\/www.revistarescatados.com.ar\/web\/wp-content\/uploads\/2019\/11\/Laguna-El-Cristal-300x300.jpg 300w, https:\/\/www.revistarescatados.com.ar\/web\/wp-content\/uploads\/2019\/11\/Laguna-El-Cristal-768x768.jpg 768w, https:\/\/www.revistarescatados.com.ar\/web\/wp-content\/uploads\/2019\/11\/Laguna-El-Cristal-160x160.jpg 160w, https:\/\/www.revistarescatados.com.ar\/web\/wp-content\/uploads\/2019\/11\/Laguna-El-Cristal-320x320.jpg 320w\" sizes=\"(max-width: 960px) 100vw, 960px\" \/><\/p>\n","protected":false},"excerpt":{"rendered":"<p>Desde el municipio local se informaron los precios para el ingreso, alquiler de caba\u00f1as, casillas rodantes. Por consultas, los interesados pueden comunicarse el tel\u00e9fono 3483 \u2013 464610. Con d\u00edas primaverales cada vez&#46;&#46;&#46;<\/p>\n","protected":false},"author":1,"featured_media":7177,"comment_status":"closed","ping_status":"open","sticky":false,"template":"","format":"standard","meta":[],"categories":[2,3,16,8],"tags":[],"_links":{"self":[{"href":"https:\/\/www.revistarescatados.com.ar\/web\/wp-json\/wp\/v2\/posts\/7175"}],"collection":[{"href":"https:\/\/www.revistarescatados.com.ar\/web\/wp-json\/wp\/v2\/posts"}],"about":[{"href":"https:\/\/www.revistarescatados.com.ar\/web\/wp-json\/wp\/v2\/types\/post"}],"author":[{"embeddable":true,"href":"https:\/\/www.revistarescatados.com.ar\/web\/wp-json\/wp\/v2\/users\/1"}],"replies":[{"embeddable":true,"href":"https:\/\/www.revistarescatados.com.ar\/web\/wp-json\/wp\/v2\/comments?post=7175"}],"version-history":[{"count":1,"href":"https:\/\/www.revistarescatados.com.ar\/web\/wp-json\/wp\/v2\/posts\/7175\/revisions"}],"predecessor-version":[{"id":7178,"href":"https:\/\/www.revistarescatados.com.ar\/web\/wp-json\/wp\/v2\/posts\/7175\/revisions\/7178"}],"wp:featuredmedia":[{"embeddable":true,"href":"https:\/\/www.revistarescatados.com.ar\/web\/wp-json\/wp\/v2\/media\/7177"}],"wp:attachment":[{"href":"https:\/\/www.revistarescatados.com.ar\/web\/wp-json\/wp\/v2\/media?parent=7175"}],"wp:term":[{"taxonomy":"category","embeddable":true,"href":"https:\/\/www.revistarescatados.com.ar\/web\/wp-json\/wp\/v2\/categories?post=7175"},{"taxonomy":"post_tag","embeddable":true,"href":"https:\/\/www.revistarescatados.com.ar\/web\/wp-json\/wp\/v2\/tags?post=7175"}],"curies":[{"name":"wp","href":"https:\/\/api.w.org\/{rel}","templated":true}]}}