{"id":7330,"date":"2019-11-29T21:30:36","date_gmt":"2019-11-30T00:30:36","guid":{"rendered":"http:\/\/www.revistarescatados.com.ar\/web\/?p=7330"},"modified":"2019-11-29T21:30:36","modified_gmt":"2019-11-30T00:30:36","slug":"dos-jovenes-emprendedoras-recibieron-aportes-para-la-compra-de-maquinas-e-insumos","status":"publish","type":"post","link":"https:\/\/www.revistarescatados.com.ar\/web\/2019\/11\/29\/dos-jovenes-emprendedoras-recibieron-aportes-para-la-compra-de-maquinas-e-insumos\/","title":{"rendered":"Dos j\u00f3venes emprendedoras recibieron aportes para la compra de m\u00e1quinas e insumos"},"content":{"rendered":"<p><img loading=\"lazy\" class=\"aligncenter size-full wp-image-7331\" src=\"http:\/\/www.revistarescatados.com.ar\/web\/wp-content\/uploads\/2019\/11\/emprendedoras.png\" alt=\"\" width=\"1148\" height=\"740\" srcset=\"https:\/\/www.revistarescatados.com.ar\/web\/wp-content\/uploads\/2019\/11\/emprendedoras.png 1148w, https:\/\/www.revistarescatados.com.ar\/web\/wp-content\/uploads\/2019\/11\/emprendedoras-300x193.png 300w, https:\/\/www.revistarescatados.com.ar\/web\/wp-content\/uploads\/2019\/11\/emprendedoras-768x495.png 768w, https:\/\/www.revistarescatados.com.ar\/web\/wp-content\/uploads\/2019\/11\/emprendedoras-1024x660.png 1024w\" sizes=\"(max-width: 1148px) 100vw, 1148px\" \/><\/p>\n<p><span style=\"color: #0000ff;\"><strong>Tras capacitarse mediante la Oficina de Empleo Municipal, recibieron un subsidio del Ministerio de Empleo y Trabajo de la Naci\u00f3n que les permiti\u00f3 adquirir lo necesario para llevar adelante sus proyectos productivos.<\/strong><\/span><\/p>\n<p>?\ufe0fJ\u00e9sica: churrera, rellenadora de churros, amasadora y freidora.<\/p>\n<p>?\ufe0fYasmila: m\u00e1quina de coser industrial y materia prima para realizar mochilas y cartucheras.<\/p>\n<p>Las j\u00f3venes participan en la Oficina de Empleo Municipal de manera activa. Fueron beneficiarias del Programa J\u00f3venes, participaron del Curso de Introducci\u00f3n al Trabajo (CIT) y adem\u00e1s elaboraron un proyecto de emprendimiento en el Curso del Gesti\u00f3n Empresarial, lo que les les permiti\u00f3 recibir el apoyo econ\u00f3mico.<\/p>\n<p>El acompa\u00f1amiento t\u00e9cnico de la Oficina de Empleo Municipal continuar\u00e1 durante un a\u00f1o. \u00a1Felicitaciones y mucho \u00e9xito, chicas!<\/p>\n","protected":false},"excerpt":{"rendered":"<p>Tras capacitarse mediante la Oficina de Empleo Municipal, recibieron un subsidio del Ministerio de Empleo y Trabajo de la Naci\u00f3n que les permiti\u00f3 adquirir lo necesario para llevar adelante sus proyectos productivos.&#46;&#46;&#46;<\/p>\n","protected":false},"author":1,"featured_media":7331,"comment_status":"closed","ping_status":"open","sticky":false,"template":"","format":"standard","meta":[],"categories":[2,3,16,8],"tags":[],"_links":{"self":[{"href":"https:\/\/www.revistarescatados.com.ar\/web\/wp-json\/wp\/v2\/posts\/7330"}],"collection":[{"href":"https:\/\/www.revistarescatados.com.ar\/web\/wp-json\/wp\/v2\/posts"}],"about":[{"href":"https:\/\/www.revistarescatados.com.ar\/web\/wp-json\/wp\/v2\/types\/post"}],"author":[{"embeddable":true,"href":"https:\/\/www.revistarescatados.com.ar\/web\/wp-json\/wp\/v2\/users\/1"}],"replies":[{"embeddable":true,"href":"https:\/\/www.revistarescatados.com.ar\/web\/wp-json\/wp\/v2\/comments?post=7330"}],"version-history":[{"count":1,"href":"https:\/\/www.revistarescatados.com.ar\/web\/wp-json\/wp\/v2\/posts\/7330\/revisions"}],"predecessor-version":[{"id":7332,"href":"https:\/\/www.revistarescatados.com.ar\/web\/wp-json\/wp\/v2\/posts\/7330\/revisions\/7332"}],"wp:featuredmedia":[{"embeddable":true,"href":"https:\/\/www.revistarescatados.com.ar\/web\/wp-json\/wp\/v2\/media\/7331"}],"wp:attachment":[{"href":"https:\/\/www.revistarescatados.com.ar\/web\/wp-json\/wp\/v2\/media?parent=7330"}],"wp:term":[{"taxonomy":"category","embeddable":true,"href":"https:\/\/www.revistarescatados.com.ar\/web\/wp-json\/wp\/v2\/categories?post=7330"},{"taxonomy":"post_tag","embeddable":true,"href":"https:\/\/www.revistarescatados.com.ar\/web\/wp-json\/wp\/v2\/tags?post=7330"}],"curies":[{"name":"wp","href":"https:\/\/api.w.org\/{rel}","templated":true}]}}