{"id":7336,"date":"2019-12-02T14:57:27","date_gmt":"2019-12-02T17:57:27","guid":{"rendered":"http:\/\/www.revistarescatados.com.ar\/web\/?p=7336"},"modified":"2019-12-02T14:57:27","modified_gmt":"2019-12-02T17:57:27","slug":"por-primera-vez-policias-y-privados-que-defraudaron-al-estado-devolvieron-el-dinero","status":"publish","type":"post","link":"https:\/\/www.revistarescatados.com.ar\/web\/2019\/12\/02\/por-primera-vez-policias-y-privados-que-defraudaron-al-estado-devolvieron-el-dinero\/","title":{"rendered":"Por primera vez polic\u00edas y privados que defraudaron al Estado, devolvieron el dinero"},"content":{"rendered":"<p><img loading=\"lazy\" class=\"aligncenter size-full wp-image-311\" src=\"http:\/\/www.revistarescatados.com.ar\/web\/wp-content\/uploads\/2018\/04\/Ministro-Pullaro.jpg\" alt=\"\" width=\"1137\" height=\"640\" srcset=\"https:\/\/www.revistarescatados.com.ar\/web\/wp-content\/uploads\/2018\/04\/Ministro-Pullaro.jpg 1137w, https:\/\/www.revistarescatados.com.ar\/web\/wp-content\/uploads\/2018\/04\/Ministro-Pullaro-300x169.jpg 300w, https:\/\/www.revistarescatados.com.ar\/web\/wp-content\/uploads\/2018\/04\/Ministro-Pullaro-768x432.jpg 768w, https:\/\/www.revistarescatados.com.ar\/web\/wp-content\/uploads\/2018\/04\/Ministro-Pullaro-1024x576.jpg 1024w\" sizes=\"(max-width: 1137px) 100vw, 1137px\" \/><\/p>\n<p><span style=\"color: #0000ff;\"><strong>Tras hacer un repaso con datos actualizados de la causa denominada D4 por defraudaci\u00f3n al Estado entre funcionarios policiales y civiles, se exhibi\u00f3 el colectivo reparado, mediante el cual se desviaron millones de pesos.<\/strong><\/span><\/p>\n<p>El ministro de Seguridad Maximiliano Pullaro present\u00f3 los resultados que se lograron con el avance de la causa D4, denuncia que el propio funcionario impuls\u00f3 poco tiempo despu\u00e9s de asumir el rol de ministro contra jefes policiales que hac\u00edan pasar facturas por arreglos de un colectivo y que no se realizaban. A trav\u00e9s de esta maniobra lograron defraudar al Estado provincial por m\u00e1s de 4 millones de pesos. Adem\u00e1s el ministro se lament\u00f3 por falta de dialogo con la gesti\u00f3n entrante para definir cuestiones trascendentales de seguridad p\u00fablica como la licitaci\u00f3n para la continuidad de la Central de Emergencias 911. \u201cEn este colectivo esta parte de lo que tuvieron que devolver los efectivos policiales\u201d que defraudaron al Estado.<\/p>\n<p>Seg\u00fan las palabras del propio Pullaro \u201ccon parte del dinero que devolvieron (los condenados) hemos arreglado este colectivo como hecho simb\u00f3lico tambi\u00e9n para toda la provincia de Santa Fe, y que marca uno de los ejes centrales de nuestra gesti\u00f3n y adem\u00e1s representa una l\u00ednea que trazamos el primer d\u00eda\u201d donde el objetivo fue \u201cpriorizar a la buena polic\u00eda y separar a la mala polic\u00eda\u201d. Por otro lado record\u00f3 que \u201call\u00e1 por el a\u00f1o 2016 yo realice una denuncia a la plana de la Jefatura de la Polic\u00eda de la provincia de Santa Fe porque este colectivo que ustedes est\u00e1n viendo, nosotros lo veamos siempre en las mismas condiciones cuando \u00edbamos a despegar (en el helic\u00f3ptero de la PSF) en el D4 \u2013 el departamento de Operaciones de la Polic\u00eda\u201d.<\/p>\n<p>En cuanto a que fue lo que impuls\u00f3 esta causa, record\u00f3 que tras indagar respecto de ese colectivo, notaron que \u201cel mismo ten\u00eda diferentes facturas presentadas, lo que significaban diferentes arreglos\u201d y constataron \u201cque nunca se hac\u00edan, por eso yo radiqu\u00e9 y lleve adelante una denuncia penal en donde est\u00e1 detenido un ex jefe de polic\u00eda (Rafael Grau) y donde parte de la planta tambi\u00e9n estuvieron detenidos pero se constituy\u00f3 un hecho fundante dir\u00eda la Rep\u00fablica Argentina\u201d.<\/p>\n<p>\u201cCada uno de esos funcionarios policiales que le robaban a la polic\u00eda, que no hac\u00edan los arreglos que ten\u00edan que llevar adelante, tuvieron que devolver la plata que le hab\u00edan robado el Estado\u201d remarc\u00f3 el ministro, al tiempo que afirm\u00f3: \u201c 4 millones y medio van devolviendo efectivos policiales y civiles porque esto constituye una asociaci\u00f3n il\u00edcita llevada adelante por privado y por polic\u00edas que defraudan Estado provincial\u201d, otros condenados tuvieron que hacer donaciones a diferentes instituciones que depende del Ministerio de Seguridad, al Ministerio P\u00fablico de la Acusaci\u00f3n, adem\u00e1s de cumplir condenas.<\/p>\n<p><strong><span style=\"color: #0000ff;\">La transici\u00f3n que no fue<\/span><\/strong><\/p>\n<p>En esta oportunidad el ministro Pullaro, al ser consultado por la transici\u00f3n en materia de seguridad, asegur\u00f3 estar \u201cpreocupado\u201d y se mostr\u00f3 expectante respecto de un posible anuncio del futuro ministro de Seguridad \u201cpara por lo menos tener algunos d\u00edas de trabajo coordinado, conjunto, con quien vaya a ser nuevo ministro\u201d. Y explic\u00f3 que \u201chay muchos procesos que nosotros detuvimos por la transici\u00f3n de 6 meses a pedido del gobernador electo. Nosotros cre\u00edamos y est\u00e1bamos seguros que durante 4 meses nos \u00edbamos a poner de acuerdo\u201d.<\/p>\n<p>En ese contexto, donde la gesti\u00f3n provincial se vio resentida dado que el gobernador electo pidi\u00f3 evitar licitaciones, Pullaro cont\u00f3 que si bien \u201cse prorrog\u00f3 el servicio 911 con la empresa que aporta el sistema\u201d, al no tener contacto con interlocutores de la futura gesti\u00f3n y no saber \u201ccu\u00e1l es la mirada de quienes van a gestionar la provincia durante los pr\u00f3ximos cuatro a\u00f1os\u201d no pudieron avanzar en la licitaci\u00f3n de manera unilateral pero en virtud de los intereses de los santafesinos \u201crealizamos una pr\u00f3rroga con la empresa que est\u00e1 prestando todo el servicio para evitar la ca\u00edda del sistema\u201d.<\/p>\n<p>Otro de los temas que tienen preocupado al actual ministro tiene que ver con el transporte policial: \u201cTodos los d\u00edas viajan cerca de 500 polic\u00edas que vienen del Norte a prestar servicio Sur. Esta es una licitaci\u00f3n que esta vencida pero que fue prorrogada hasta el 10 de diciembre\u201d y reclam\u00f3 certezas \u201cde la gesti\u00f3n que viene\u201d.<\/p>\n","protected":false},"excerpt":{"rendered":"<p>Tras hacer un repaso con datos actualizados de la causa denominada D4 por defraudaci\u00f3n al Estado entre funcionarios policiales y civiles, se exhibi\u00f3 el colectivo reparado, mediante el cual se desviaron millones&#46;&#46;&#46;<\/p>\n","protected":false},"author":1,"featured_media":311,"comment_status":"closed","ping_status":"open","sticky":false,"template":"","format":"standard","meta":[],"categories":[11,13,12],"tags":[],"_links":{"self":[{"href":"https:\/\/www.revistarescatados.com.ar\/web\/wp-json\/wp\/v2\/posts\/7336"}],"collection":[{"href":"https:\/\/www.revistarescatados.com.ar\/web\/wp-json\/wp\/v2\/posts"}],"about":[{"href":"https:\/\/www.revistarescatados.com.ar\/web\/wp-json\/wp\/v2\/types\/post"}],"author":[{"embeddable":true,"href":"https:\/\/www.revistarescatados.com.ar\/web\/wp-json\/wp\/v2\/users\/1"}],"replies":[{"embeddable":true,"href":"https:\/\/www.revistarescatados.com.ar\/web\/wp-json\/wp\/v2\/comments?post=7336"}],"version-history":[{"count":1,"href":"https:\/\/www.revistarescatados.com.ar\/web\/wp-json\/wp\/v2\/posts\/7336\/revisions"}],"predecessor-version":[{"id":7337,"href":"https:\/\/www.revistarescatados.com.ar\/web\/wp-json\/wp\/v2\/posts\/7336\/revisions\/7337"}],"wp:featuredmedia":[{"embeddable":true,"href":"https:\/\/www.revistarescatados.com.ar\/web\/wp-json\/wp\/v2\/media\/311"}],"wp:attachment":[{"href":"https:\/\/www.revistarescatados.com.ar\/web\/wp-json\/wp\/v2\/media?parent=7336"}],"wp:term":[{"taxonomy":"category","embeddable":true,"href":"https:\/\/www.revistarescatados.com.ar\/web\/wp-json\/wp\/v2\/categories?post=7336"},{"taxonomy":"post_tag","embeddable":true,"href":"https:\/\/www.revistarescatados.com.ar\/web\/wp-json\/wp\/v2\/tags?post=7336"}],"curies":[{"name":"wp","href":"https:\/\/api.w.org\/{rel}","templated":true}]}}