{"id":7338,"date":"2019-12-02T15:02:01","date_gmt":"2019-12-02T18:02:01","guid":{"rendered":"http:\/\/www.revistarescatados.com.ar\/web\/?p=7338"},"modified":"2019-12-02T15:02:01","modified_gmt":"2019-12-02T18:02:01","slug":"comenzara-el-juicio-oral-a-un-sacerdote-acusado-de-abusar-de-dos-menores-de-edad-en-reconquista","status":"publish","type":"post","link":"https:\/\/www.revistarescatados.com.ar\/web\/2019\/12\/02\/comenzara-el-juicio-oral-a-un-sacerdote-acusado-de-abusar-de-dos-menores-de-edad-en-reconquista\/","title":{"rendered":"Comenzar\u00e1 el juicio oral a un sacerdote acusado de abusar de dos menores de edad en Reconquista"},"content":{"rendered":"<p><img loading=\"lazy\" class=\"aligncenter  wp-image-7339\" src=\"http:\/\/www.revistarescatados.com.ar\/web\/wp-content\/uploads\/2019\/12\/Nestor-Monz\u00f3n.jpg\" alt=\"\" width=\"770\" height=\"434\" srcset=\"https:\/\/www.revistarescatados.com.ar\/web\/wp-content\/uploads\/2019\/12\/Nestor-Monz\u00f3n.jpg 600w, https:\/\/www.revistarescatados.com.ar\/web\/wp-content\/uploads\/2019\/12\/Nestor-Monz\u00f3n-300x169.jpg 300w\" sizes=\"(max-width: 770px) 100vw, 770px\" \/><\/p>\n<p><span style=\"color: #0000ff;\"><strong>Est\u00e1 previsto que los alegatos de apertura de las partes se lleven a cabo el pr\u00f3ximo jueves a partir de las 8:00 en los tribunales de la ciudad cabecera del departamento General Obligado. El fiscal que representar\u00e1 al MPA en el debate ser\u00e1 Alejandro Rodr\u00edguez. El funcionario del MPA solicitar\u00e1 una pena de 12 a\u00f1os de prisi\u00f3n. De acuerdo a lo agendado, la sentencia se dar\u00e1 a conocer el martes 17.<\/strong><\/span><\/p>\n<p>Un sacerdote de 51 a\u00f1os cuyas iniciales son NFM comenzar\u00e1 a ser juzgado el pr\u00f3ximo jueves como autor de delitos contra la integridad sexual de un ni\u00f1o y de una ni\u00f1a cometidos en la ciudad de Reconquista. Ser\u00e1 en el marco de un juicio oral que se desarrollar\u00e1 hasta el martes 17 en los tribunales de la ciudad cabecera del departamento General Obligado.<\/p>\n<p>El sacerdote ser\u00e1 juzgado como autor del delito de abuso sexual gravemente ultrajante agravado (por producir un grave da\u00f1o en la salud y por ser ministro de un culto religioso reconocido) en perjuicio de la ni\u00f1a, y como autor del delito de abuso sexual gravemente ultrajante agravado (por la condici\u00f3n de ser un ministro de un culto religioso reconocido) en perjuicio del ni\u00f1o. La acusaci\u00f3n fue realizada por el fiscal Alejandro Rodr\u00edguez, quien representar\u00e1 al MPA en el juicio oral y p\u00fablico junto al fiscal Sebasti\u00e1n Marichal.<\/p>\n<p>Por su parte, el tribunal pluripersonal que tendr\u00e1 a su cargo la conducci\u00f3n del debate estar\u00e1 integrado por los jueces Claudia Bressan (presidenta), Santiago Banegas y Mart\u00edn Gauna Chapero.<\/p>\n<p><span style=\"color: #0000ff;\"><strong>Delito agravado<\/strong><\/span><\/p>\n<p>\u201cLos abusos que investigamos fueron cometidos entre el jueves 26 y el viernes 27 de noviembre de 2015 en una casa perteneciente a la di\u00f3cesis de Reconquista \u2013en la que viv\u00eda el acusado\u2013 ubicada dentro del predio de la parroquia \u2018Mar\u00eda Madre de Dios\u2019. En esta sede religiosa, el hombre investigado cumpl\u00eda funciones como sacerdote\u201d, precis\u00f3 el fiscal. \u201cLas v\u00edctimas fueron una ni\u00f1a y un ni\u00f1o muy peque\u00f1os, a quienes no s\u00f3lo someti\u00f3 sexualmente, sino que tambi\u00e9n hizo que se observaran mutuamente mientras eran abusados\u201d, agreg\u00f3.<\/p>\n<p>Rodr\u00edguez se refiri\u00f3 a las agravantes del delito atribuido al acusado. En relaci\u00f3n a su condici\u00f3n de ministro de un culto religioso, el funcionario del MPA sostuvo que \u201cse debe a que, al momento de los il\u00edcitos, NFM cumpl\u00eda funciones como sacerdote\u201d. Por su parte, acerca de la agravante relacionada al da\u00f1o en la salud de una de las v\u00edctimas, el fiscal subray\u00f3 que \u201cla ni\u00f1a contrajo una enfermedad de transmisi\u00f3n sexual, la cual fue corroborada por los estudios m\u00e9dicos pr\u00e1cticos\u201d.<\/p>\n<p><strong><span style=\"color: #0000ff;\">Agresiones sexuales<\/span><\/strong><\/p>\n<p>Rodr\u00edguez remarc\u00f3 que \u201cel acusado realiz\u00f3 acciones que re\u00fanen los requisitos objetivos y subjetivos de los tipos penales endilgados\u201d. En tal sentido, consider\u00f3 que \u201cno quedan dudas que el sacerdote despleg\u00f3 una acci\u00f3n tendiente a cometer los abusos sexuales, en circunstancias que son gravemente ultrajantes para las v\u00edctimas, en franco desprecio de la dignidad de ambos y siempre comprendiendo la irregularidad e ilicitud de lo que estaba haciendo\u201d.<\/p>\n<p>\u201cPor su parte, las v\u00edctimas debieron sufrir agresiones f\u00edsicas y psicol\u00f3gicas que no ten\u00edan por qu\u00e9 soportar. Adem\u00e1s, los abusos sexuales generan consecuencias perjudiciales que da\u00f1an severamente el desarrollo afectivo, cognitivo y sexual de las personas, m\u00e1s a\u00fan cuando las v\u00edctimas son tan peque\u00f1as\u201d, argument\u00f3 Rodr\u00edguez.<\/p>\n<p><span style=\"color: #0000ff;\"><strong>Denuncia<\/strong><\/span><\/p>\n<p>\u201cLa investigaci\u00f3n se inici\u00f3 a ra\u00edz de una denuncia realizada por la madre de la ni\u00f1a abusada. La mujer se present\u00f3 el 23 de diciembre de 2015 en el Centro de Orientaci\u00f3n a la V\u00edctima de Violencia Familiar y Sexual de la Unidad Regional IX de la polic\u00eda provincial y dej\u00f3 constancia de lo ocurrido\u201d, inform\u00f3 el fiscal.<\/p>\n<p>Rodr\u00edguez sostuvo que \u201cni bien se nos inform\u00f3 de la denuncia, junto al fiscal Rub\u00e9n Mart\u00ednez ordenamos la realizaci\u00f3n de diversas diligencias, testimoniales y pericias. Tambi\u00e9n se entrevist\u00f3 en c\u00e1mara Gesell a la ni\u00f1a, ya que con el ni\u00f1o no se pudo concretar\u201d. El fiscal tambi\u00e9n reconoci\u00f3 que \u201chubo que presentar numerosos escritos y participar de una gran cantidad de audiencias a ra\u00edz de las recursos interpuestos por los distintos abogados defensores que tuvo el acusado\u201d.<\/p>\n<p><span style=\"color: #0000ff;\"><strong>Querellantes<\/strong><\/span><\/p>\n<p>Los padres y las madres de ambos ni\u00f1os se constituyeron como querellantes. Los abogados que representar\u00e1n al padre y a la madre de la ni\u00f1a ser\u00e1n Andr\u00e9s Santos, Indalecio Ghio y Andr\u00e9s Ramseyer. En tanto, en representaci\u00f3n del pap\u00e1 y de la mam\u00e1 del ni\u00f1o lo har\u00e1n los abogados Adri\u00e1n Picech y Luciana Gonz\u00e1lez.<\/p>\n<p>Los querellantes solicitar\u00e1n una pena de 16 a\u00f1os de prisi\u00f3n para el acusado.<\/p>\n<p><strong><span style=\"color: #0000ff;\">Agenda<\/span><\/strong><\/p>\n<p>De acuerdo a lo informado por la Oficina de Gesti\u00f3n Judicial (OGJ) de Reconquista, el juicio comenzar\u00e1 el jueves a las 8:00. Las partes realizar\u00e1n sus alegatos de apertura y luego comenzar\u00e1n a declarar los testigos. Algunos lo har\u00e1n por la ma\u00f1ana y otros fueron citados a partir de las 16:00.<\/p>\n<p>Por su parte, el viernes 6 continuar\u00e1n las declaraciones testimoniales tanto a la ma\u00f1ana como a la tarde. Lo mismo ocurrir\u00e1 el lunes 9, el martes 10, el mi\u00e9rcoles 11 y el jueves 12.<\/p>\n<p>En tanto, el viernes 13 ser\u00e1n los alegatos de clausura de las partes, mientras que el martes 17 al mediod\u00eda el tribunal dar\u00e1 a conocer su veredicto.<\/p>\n","protected":false},"excerpt":{"rendered":"<p>Est\u00e1 previsto que los alegatos de apertura de las partes se lleven a cabo el pr\u00f3ximo jueves a partir de las 8:00 en los tribunales de la ciudad cabecera del departamento General&#46;&#46;&#46;<\/p>\n","protected":false},"author":1,"featured_media":7339,"comment_status":"closed","ping_status":"open","sticky":false,"template":"","format":"standard","meta":[],"categories":[6,10,8],"tags":[],"_links":{"self":[{"href":"https:\/\/www.revistarescatados.com.ar\/web\/wp-json\/wp\/v2\/posts\/7338"}],"collection":[{"href":"https:\/\/www.revistarescatados.com.ar\/web\/wp-json\/wp\/v2\/posts"}],"about":[{"href":"https:\/\/www.revistarescatados.com.ar\/web\/wp-json\/wp\/v2\/types\/post"}],"author":[{"embeddable":true,"href":"https:\/\/www.revistarescatados.com.ar\/web\/wp-json\/wp\/v2\/users\/1"}],"replies":[{"embeddable":true,"href":"https:\/\/www.revistarescatados.com.ar\/web\/wp-json\/wp\/v2\/comments?post=7338"}],"version-history":[{"count":1,"href":"https:\/\/www.revistarescatados.com.ar\/web\/wp-json\/wp\/v2\/posts\/7338\/revisions"}],"predecessor-version":[{"id":7340,"href":"https:\/\/www.revistarescatados.com.ar\/web\/wp-json\/wp\/v2\/posts\/7338\/revisions\/7340"}],"wp:featuredmedia":[{"embeddable":true,"href":"https:\/\/www.revistarescatados.com.ar\/web\/wp-json\/wp\/v2\/media\/7339"}],"wp:attachment":[{"href":"https:\/\/www.revistarescatados.com.ar\/web\/wp-json\/wp\/v2\/media?parent=7338"}],"wp:term":[{"taxonomy":"category","embeddable":true,"href":"https:\/\/www.revistarescatados.com.ar\/web\/wp-json\/wp\/v2\/categories?post=7338"},{"taxonomy":"post_tag","embeddable":true,"href":"https:\/\/www.revistarescatados.com.ar\/web\/wp-json\/wp\/v2\/tags?post=7338"}],"curies":[{"name":"wp","href":"https:\/\/api.w.org\/{rel}","templated":true}]}}