{"id":749,"date":"2018-06-05T20:34:07","date_gmt":"2018-06-05T23:34:07","guid":{"rendered":"http:\/\/www.revistarescatados.com.ar\/web\/?p=749"},"modified":"2018-06-05T20:34:07","modified_gmt":"2018-06-05T23:34:07","slug":"en-calchaqui-celebraron-el-dia-del-medioambiente-con-una-caminata-y-plantacion-de-arboles","status":"publish","type":"post","link":"https:\/\/www.revistarescatados.com.ar\/web\/2018\/06\/05\/en-calchaqui-celebraron-el-dia-del-medioambiente-con-una-caminata-y-plantacion-de-arboles\/","title":{"rendered":"En Calchaqu\u00ed celebraron el \u201cD\u00eda del Medioambiente\u201d con una caminata y plantaci\u00f3n de \u00e1rboles"},"content":{"rendered":"<p><img loading=\"lazy\" class=\"aligncenter size-full wp-image-750\" src=\"http:\/\/www.revistarescatados.com.ar\/web\/wp-content\/uploads\/2018\/06\/caminata.jpg\" alt=\"\" width=\"1383\" height=\"922\" srcset=\"https:\/\/www.revistarescatados.com.ar\/web\/wp-content\/uploads\/2018\/06\/caminata.jpg 1383w, https:\/\/www.revistarescatados.com.ar\/web\/wp-content\/uploads\/2018\/06\/caminata-300x200.jpg 300w, https:\/\/www.revistarescatados.com.ar\/web\/wp-content\/uploads\/2018\/06\/caminata-768x512.jpg 768w, https:\/\/www.revistarescatados.com.ar\/web\/wp-content\/uploads\/2018\/06\/caminata-1024x683.jpg 1024w\" sizes=\"(max-width: 1383px) 100vw, 1383px\" \/><\/p>\n<p><span style=\"color: #0000ff;\"><strong>La Secretar\u00eda de Desarrollo Social organiz\u00f3 la jornada ecol\u00f3gica con los alumnos de 3\u00ba Grado de las escuelas 448, 6117, 1378 y Colegio. Se trasplantaron 11 jacarand\u00e1 en la Plaza Guadalupe, uno por cada secci\u00f3n de las escuelas participantes.<\/strong><\/span><\/p>\n<p>Alrededor de las 14 horas, parti\u00f3 la columna de alumnos de tercer grado de las escuelas primarias de la ciudad, desde la fuente de agua ubicada en intersecci\u00f3n de Bvard. Belgrano y ruta 11. Los peque\u00f1os acompa\u00f1ados por docentes y algunos familiares, caminaron las 11 cuadras que la separan de la Plaza Guadalupe, situada en la esquina de las calles Sargento Cabral y Emiliano Defar.<\/p>\n<p><img loading=\"lazy\" class=\"aligncenter size-full wp-image-751\" src=\"http:\/\/www.revistarescatados.com.ar\/web\/wp-content\/uploads\/2018\/06\/Plantacion.jpg\" alt=\"\" width=\"1383\" height=\"922\" srcset=\"https:\/\/www.revistarescatados.com.ar\/web\/wp-content\/uploads\/2018\/06\/Plantacion.jpg 1383w, https:\/\/www.revistarescatados.com.ar\/web\/wp-content\/uploads\/2018\/06\/Plantacion-300x200.jpg 300w, https:\/\/www.revistarescatados.com.ar\/web\/wp-content\/uploads\/2018\/06\/Plantacion-768x512.jpg 768w, https:\/\/www.revistarescatados.com.ar\/web\/wp-content\/uploads\/2018\/06\/Plantacion-1024x683.jpg 1024w\" sizes=\"(max-width: 1383px) 100vw, 1383px\" \/><\/p>\n<p>All\u00ed fueron recibidos por la secretaria de desarrollo social \u2013 Lic. Antonela Beltramino \u2013 junto al t\u00e9cnico Walter Figueroa y el equipo del \u00c1rea Jardiner\u00eda Municipal. Tras explicarle la importancia de los \u00e1rboles en la generaci\u00f3n de ox\u00edgeno para la vida en el planeta tierra, Figueroa les dio detalles de la manera en hacer un correcto trasplante de los \u00e1rboles para su crecimiento. En este caso, se trata de 11 ejemplares de las especies florales de jacarand\u00e1 que representan a cada uno de los cursos de tercer grado que existen en las escuelas participantes.<\/p>\n<p>Cada secci\u00f3n llevo a cabo la plantaci\u00f3n de un ejemplar. Finalmente los ni\u00f1os compartieron una chocolatada con alfajores.<\/p>\n<p><img loading=\"lazy\" class=\"aligncenter size-full wp-image-752\" src=\"http:\/\/www.revistarescatados.com.ar\/web\/wp-content\/uploads\/2018\/06\/refrigerio.jpg\" alt=\"\" width=\"922\" height=\"615\" srcset=\"https:\/\/www.revistarescatados.com.ar\/web\/wp-content\/uploads\/2018\/06\/refrigerio.jpg 922w, https:\/\/www.revistarescatados.com.ar\/web\/wp-content\/uploads\/2018\/06\/refrigerio-300x200.jpg 300w, https:\/\/www.revistarescatados.com.ar\/web\/wp-content\/uploads\/2018\/06\/refrigerio-768x512.jpg 768w\" sizes=\"(max-width: 922px) 100vw, 922px\" \/><\/p>\n<p><span style=\"color: #0000ff;\"><strong>D\u00eda del Medioambiente<\/strong><\/span><\/p>\n<p>El D\u00eda Mundial del Medio Ambiente fue establecido por la Asamblea General de Naciones Unidas en su resoluci\u00f3n del 15 de diciembre de 1972.\u200b Se celebra desde 1974 el 5 de junio de cada a\u00f1o, fecha con la que se dio inicio a la Conferencia de Estocolmo en 1972, cuyo tema central fue el Ambiente.\u200b<\/p>\n<p>MIRA EL <a href=\"https:\/\/www.facebook.com\/pg\/Revista-Rescatados-161421006756\/photos\/?tab=album&amp;album_id=10156527064786757\"><span style=\"color: #0000ff;\"><strong>ALBUM DE IMAGENES<\/strong><\/span><\/a><\/p>\n","protected":false},"excerpt":{"rendered":"<p>La Secretar\u00eda de Desarrollo Social organiz\u00f3 la jornada ecol\u00f3gica con los alumnos de 3\u00ba Grado de las escuelas 448, 6117, 1378 y Colegio. Se trasplantaron 11 jacarand\u00e1 en la Plaza Guadalupe, uno&#46;&#46;&#46;<\/p>\n","protected":false},"author":1,"featured_media":751,"comment_status":"closed","ping_status":"open","sticky":false,"template":"","format":"standard","meta":[],"categories":[2,3,16,15,9,8],"tags":[],"_links":{"self":[{"href":"https:\/\/www.revistarescatados.com.ar\/web\/wp-json\/wp\/v2\/posts\/749"}],"collection":[{"href":"https:\/\/www.revistarescatados.com.ar\/web\/wp-json\/wp\/v2\/posts"}],"about":[{"href":"https:\/\/www.revistarescatados.com.ar\/web\/wp-json\/wp\/v2\/types\/post"}],"author":[{"embeddable":true,"href":"https:\/\/www.revistarescatados.com.ar\/web\/wp-json\/wp\/v2\/users\/1"}],"replies":[{"embeddable":true,"href":"https:\/\/www.revistarescatados.com.ar\/web\/wp-json\/wp\/v2\/comments?post=749"}],"version-history":[{"count":1,"href":"https:\/\/www.revistarescatados.com.ar\/web\/wp-json\/wp\/v2\/posts\/749\/revisions"}],"predecessor-version":[{"id":753,"href":"https:\/\/www.revistarescatados.com.ar\/web\/wp-json\/wp\/v2\/posts\/749\/revisions\/753"}],"wp:featuredmedia":[{"embeddable":true,"href":"https:\/\/www.revistarescatados.com.ar\/web\/wp-json\/wp\/v2\/media\/751"}],"wp:attachment":[{"href":"https:\/\/www.revistarescatados.com.ar\/web\/wp-json\/wp\/v2\/media?parent=749"}],"wp:term":[{"taxonomy":"category","embeddable":true,"href":"https:\/\/www.revistarescatados.com.ar\/web\/wp-json\/wp\/v2\/categories?post=749"},{"taxonomy":"post_tag","embeddable":true,"href":"https:\/\/www.revistarescatados.com.ar\/web\/wp-json\/wp\/v2\/tags?post=749"}],"curies":[{"name":"wp","href":"https:\/\/api.w.org\/{rel}","templated":true}]}}