{"id":7498,"date":"2019-12-13T13:22:33","date_gmt":"2019-12-13T16:22:33","guid":{"rendered":"http:\/\/www.revistarescatados.com.ar\/web\/?p=7498"},"modified":"2019-12-13T13:22:33","modified_gmt":"2019-12-13T16:22:33","slug":"inicio-una-campana-de-prevencion-contra-el-dengue-en-calchaqui","status":"publish","type":"post","link":"https:\/\/www.revistarescatados.com.ar\/web\/2019\/12\/13\/inicio-una-campana-de-prevencion-contra-el-dengue-en-calchaqui\/","title":{"rendered":"Inici\u00f3 una campa\u00f1a de prevenci\u00f3n contra el dengue en Calchaqu\u00ed"},"content":{"rendered":"<p><img loading=\"lazy\" class=\"aligncenter size-full wp-image-7499\" src=\"http:\/\/www.revistarescatados.com.ar\/web\/wp-content\/uploads\/2019\/12\/Prevencion-dengue.jpg\" alt=\"\" width=\"960\" height=\"640\" srcset=\"https:\/\/www.revistarescatados.com.ar\/web\/wp-content\/uploads\/2019\/12\/Prevencion-dengue.jpg 960w, https:\/\/www.revistarescatados.com.ar\/web\/wp-content\/uploads\/2019\/12\/Prevencion-dengue-300x200.jpg 300w, https:\/\/www.revistarescatados.com.ar\/web\/wp-content\/uploads\/2019\/12\/Prevencion-dengue-768x512.jpg 768w\" sizes=\"(max-width: 960px) 100vw, 960px\" \/><\/p>\n<p><span style=\"color: #0000ff;\"><strong>Se est\u00e1n implementando acciones de prevenci\u00f3n contra el Dengue en el barrio Malvinas. Y las medidas continuar\u00e1n en San Cayetano y aborigen.\u00a0<\/strong><\/span><\/p>\n<p>El trabajo est\u00e1 a cargo del \u00c1rea Municipal de Control de Vectores y de Chagas Nacional. Las fumigaciones y el relevamiento continuar\u00e1n la semana que viene en los barrios San Cayetano y Aborigen.<\/p>\n<p>La mejor forma de prevenir el dengue, la fiebre chikungunya y el zika es eliminar todos los criaderos de mosquitos.<\/p>\n<p>Como no existen vacunas que prevengan estas enfermedades ni medicamentos que las curen la medida m\u00e1s importante de prevenci\u00f3n es la eliminaci\u00f3n de todos los criaderos de mosquitos, es decir, de todos los recipientes que contienen agua tanto en el interior de las casas como en sus alrededores.<\/p>\n<p>Muchos de los recipientes donde el mosquito se cr\u00eda no son de utilidad (latas, botellas, neum\u00e1ticos, trozos de pl\u00e1stico y lona, bidones cortados). Estos recipientes deben ser eliminados.<\/p>\n<p>Si los recipientes no pueden eliminarse porque se usan permanentemente debe evitarse que acumulen agua, d\u00e1ndolos vuelta (baldes, palanganas, tambores) o vaci\u00e1ndolos permanentemente (portamacetas, bebederos).<\/p>\n","protected":false},"excerpt":{"rendered":"<p>Se est\u00e1n implementando acciones de prevenci\u00f3n contra el Dengue en el barrio Malvinas. Y las medidas continuar\u00e1n en San Cayetano y aborigen.\u00a0 El trabajo est\u00e1 a cargo del \u00c1rea Municipal de Control&#46;&#46;&#46;<\/p>\n","protected":false},"author":1,"featured_media":7499,"comment_status":"closed","ping_status":"open","sticky":false,"template":"","format":"standard","meta":[],"categories":[2,3,8],"tags":[],"_links":{"self":[{"href":"https:\/\/www.revistarescatados.com.ar\/web\/wp-json\/wp\/v2\/posts\/7498"}],"collection":[{"href":"https:\/\/www.revistarescatados.com.ar\/web\/wp-json\/wp\/v2\/posts"}],"about":[{"href":"https:\/\/www.revistarescatados.com.ar\/web\/wp-json\/wp\/v2\/types\/post"}],"author":[{"embeddable":true,"href":"https:\/\/www.revistarescatados.com.ar\/web\/wp-json\/wp\/v2\/users\/1"}],"replies":[{"embeddable":true,"href":"https:\/\/www.revistarescatados.com.ar\/web\/wp-json\/wp\/v2\/comments?post=7498"}],"version-history":[{"count":1,"href":"https:\/\/www.revistarescatados.com.ar\/web\/wp-json\/wp\/v2\/posts\/7498\/revisions"}],"predecessor-version":[{"id":7500,"href":"https:\/\/www.revistarescatados.com.ar\/web\/wp-json\/wp\/v2\/posts\/7498\/revisions\/7500"}],"wp:featuredmedia":[{"embeddable":true,"href":"https:\/\/www.revistarescatados.com.ar\/web\/wp-json\/wp\/v2\/media\/7499"}],"wp:attachment":[{"href":"https:\/\/www.revistarescatados.com.ar\/web\/wp-json\/wp\/v2\/media?parent=7498"}],"wp:term":[{"taxonomy":"category","embeddable":true,"href":"https:\/\/www.revistarescatados.com.ar\/web\/wp-json\/wp\/v2\/categories?post=7498"},{"taxonomy":"post_tag","embeddable":true,"href":"https:\/\/www.revistarescatados.com.ar\/web\/wp-json\/wp\/v2\/tags?post=7498"}],"curies":[{"name":"wp","href":"https:\/\/api.w.org\/{rel}","templated":true}]}}